{"id":2309,"date":"2023-08-04T09:22:43","date_gmt":"2023-08-04T13:22:43","guid":{"rendered":"https:\/\/jornaloalvorada.com.br\/site\/?p=2309"},"modified":"2023-08-04T09:22:46","modified_gmt":"2023-08-04T13:22:46","slug":"criado-para-tocar-o-coracao-das-pessoas-festival-de-inverno-vai-valorizar-identidade-cultural-de-ms","status":"publish","type":"post","link":"https:\/\/jornaloalvorada.com.br\/site\/2023\/08\/04\/criado-para-tocar-o-coracao-das-pessoas-festival-de-inverno-vai-valorizar-identidade-cultural-de-ms\/","title":{"rendered":"Criado para tocar o cora\u00e7\u00e3o das pessoas, Festival de Inverno vai valorizar identidade cultural de MS"},"content":{"rendered":"\n<p>Durante cinco dias, Bonito (a 265 quil\u00f4metros de Campo Grande) vai se transformar em um imenso palco para diversas manifesta\u00e7\u00f5es culturais, com atra\u00e7\u00f5es nacionais e locais. Com novidades e um dia a mais, o Festival de Inverno, que vai acontecer de 23 a 27 de agosto deste ano, est\u00e1 sendo constru\u00eddo de forma transversal, envolvendo diversas pastas da gest\u00e3o estadual, ouvindo a sociedade, e com apoio do Sesc e parceria da prefeitura.<\/p>\n\n\n\n<p>Para o governador Eduardo Riedel, a cultura \u00e9 a \u201c\u00fanica maneira de tocar o cora\u00e7\u00e3o das pessoas\u201d e o Festival de Inverno de Bonito foi pensado para valorizar a identidade cultural da popula\u00e7\u00e3o. \u201cO Festival de Inverno de Bonito \u00e9 uma maneira de a gente reafirmar isso, da gente colocar Mato Grosso do Sul em evid\u00eancia, movimenta economicamente toda uma estrutura importante para o Estado, mas acima de tudo, ela coloca o nosso Estado como uma refer\u00eancia que \u00e9 importante para o Brasil e para n\u00f3s mesmos, principalmente, de afirma\u00e7\u00e3o\u201d, disse.<\/p>\n\n\n\n<figure class=\"wp-block-image\" id=\"attachment_445087\"><a href=\"https:\/\/agenciadenoticias.ms.gov.br\/wp-content\/uploads\/2023\/08\/Festival-inverno-Bonito-Foto-Saul-Schramm-46-scaled.jpg\"><img decoding=\"async\" src=\"https:\/\/agenciadenoticias.ms.gov.br\/wp-content\/uploads\/2023\/08\/Festival-inverno-Bonito-Foto-Saul-Schramm-46-300x178.jpg\" alt=\"Lan\u00e7amento Festival de inverno Bonito Foto Saul Schramm\" class=\"wp-image-445087\"\/><\/a><figcaption class=\"wp-element-caption\">Eduardo Riedel: Festival ter\u00e1 um retrato da nossa cultura<\/figcaption><\/figure>\n\n\n\n<p>Ele fez quest\u00e3o ainda de ressaltar a participa\u00e7\u00e3o da popula\u00e7\u00e3o na constru\u00e7\u00e3o do evento. \u201cO Festival \u00e9 um pouco do retrato daquilo que pensando e discutido pela comunidade, nas audi\u00eancias p\u00fablicas, pelas pessoas, para que a gente tenha um pouco o retrato da nossa cultura, um pouco daquilo que Mato Grosso do Sul tem nas suas diversas formas de manifesta\u00e7\u00e3o e nos seus valores\u201d.<\/p>\n\n\n\n<p>As atra\u00e7\u00f5es principais contam com Faf\u00e1 de Bel\u00e9m (dia 23), Paulinho Moska e Maria Gad\u00fa (24), Iza (25), Emicida (26) e Trio Parada Dura (27). Al\u00e9m dos shows musicais, a festa cultural ir\u00e1 contar com espet\u00e1culos, teatro, dan\u00e7a, circo, arte, tecnologia, interatividade, cenografia, atra\u00e7\u00f5es infantis e diversas atividades paralelas.<\/p>\n\n\n\n<p>O secret\u00e1rio de Estado de Turismo, Esporte, Cultura e Cidadania, Marcelo Miranda, destacou que o Festival deste ano foi planejado para valorizar o dinheiro p\u00fablico. \u201cEstamos fazendo o evento com bastante transpar\u00eancia, com economicidade, uma redu\u00e7\u00e3o significativa dos custos em rela\u00e7\u00e3o aos anos passados\u201d, afirmou. \u201cA equipe da Funda\u00e7\u00e3o de Cultura est\u00e1 super empenhada em reduzir custos e trazer um evento com muita qualidade para a popula\u00e7\u00e3o\u201d, acrescentou.<\/p>\n\n\n\n<figure class=\"wp-block-image\" id=\"attachment_445083\"><a href=\"https:\/\/agenciadenoticias.ms.gov.br\/wp-content\/uploads\/2023\/08\/Festival-inverno-Bonito-Foto-Saul-Schramm-58-scaled.jpg\"><img decoding=\"async\" src=\"https:\/\/agenciadenoticias.ms.gov.br\/wp-content\/uploads\/2023\/08\/Festival-inverno-Bonito-Foto-Saul-Schramm-58-scaled.jpg\" alt=\"Lan\u00e7amento Festival de inverno Bonito Foto Saul Schramm\" class=\"wp-image-445083\"\/><\/a><figcaption class=\"wp-element-caption\">Festival de Inverno ser\u00e1 realizado de 23 a 27 de agosto; governador Eduardo Riedel, secret\u00e1rio Marcelo Miranda e prefeito Josmail Rodrigues falaram com a imprensa<\/figcaption><\/figure>\n\n\n\n<p><strong>Ocupa\u00e7\u00e3o hoteleira<\/strong><\/p>\n\n\n\n<p>Mais de 70% dos hot\u00e9is e pousadas j\u00e1 est\u00e3o reservados para o Festival de Inverno, de acordo com o prefeito de Bonito, Josmail Rodrigues. \u201cEstou muito feliz pela data do Festival, que foi escolhida em audi\u00eancia p\u00fablica. J\u00e1 temos mais de 70% de ocupa\u00e7\u00e3o. Bonito est\u00e1 esperando por voc\u00eas\u201d, destacou.<\/p>\n\n\n\n<p><strong>Fam\u00edlia<\/strong><\/p>\n\n\n\n<p>Outro foco do Festival de Inverno de Bonito 2023 \u00e9 a valoriza\u00e7\u00e3o da participa\u00e7\u00e3o da fam\u00edlia, com a cria\u00e7\u00e3o do Festival Bonitinho, com diversas atra\u00e7\u00f5es para a crian\u00e7ada como o \u201cMundo Bita\u201d, no dia 25, sexta-feira, e \u201cPalavra Cantada\u201d, no s\u00e1bado, 26.<\/p>\n\n\n\n<p>Mundo Bita \u00e9 um projeto de entretenimento infantil criado pelo m\u00fasico e designer pernambucano Chaps Melo em 2011. Desde ent\u00e3o, j\u00e1 lan\u00e7ou dezenas de singles musicais que arrecadaram diversas certifica\u00e7\u00f5es de Ouro, Platina, Diamante e Diamante Duplo, com milh\u00f5es de singles vendidos. J\u00e1 a dupla Palavra Cantada, formada pelos m\u00fasicos Paulo Tatit e Sandra Peres, une em seu trabalho m\u00fasica, brincadeira e educa\u00e7\u00e3o desde 1994.<\/p>\n\n\n\n<p>Haver\u00e1 ainda o Corredor de Economia Criativa, com produtos oriundos de produtores de Mato Grosso do Sul, como gastronomia e artesanato.&nbsp;<\/p>\n\n\n\n<figure class=\"wp-block-image\" id=\"attachment_445086\"><a href=\"https:\/\/agenciadenoticias.ms.gov.br\/wp-content\/uploads\/2023\/08\/Festival-inverno-Bonito-Foto-Saul-Schramm-57-1-scaled.jpg\"><img decoding=\"async\" src=\"https:\/\/agenciadenoticias.ms.gov.br\/wp-content\/uploads\/2023\/08\/Festival-inverno-Bonito-Foto-Saul-Schramm-57-1-scaled.jpg\" alt=\"\" class=\"wp-image-445086\"\/><\/a><figcaption class=\"wp-element-caption\">Coletiva foi realizada nesta quinta-feira (3) no Teatro Mundo<\/figcaption><\/figure>\n\n\n\n<p>Participaram tamb\u00e9m da coletiva de lan\u00e7amento do Festival de Inverno de Bonito, no Teatro Mundo, a primeira-dama M\u00f4nica Riedel; os secret\u00e1rios Pedro Caravina (Governo e Gest\u00e3o Estrat\u00e9gica) e Eduardo Rocha (Casa Civil); diretores-presidente da Fundtur\/MS, Bruno Wendling, Fundesporte, Herculano Borges e do Detran, Rudel Trindade Junior; deputado federal Geraldo Resende; deputado estadual Paulo Corr\u00eaa; presidente da Fecom\u00e9rcio MS, Edison Ferreira de Ara\u00fajo; e o presidente da Academia Sul-mato-grossense de Letras, Henrique Medeiros; al\u00e9m de secret\u00e1rios-adjuntos e outras autoridades.<\/p>\n\n\n\n<p><em>Paulo Fernandes, Comunica\u00e7\u00e3o do Governo de MS<\/em><\/p>\n\n\n\n<p><em>Fotos: Saul Schramm<\/em><\/p>\n","protected":false},"excerpt":{"rendered":"<p>Durante cinco dias, Bonito (a 265 quil\u00f4metros de Campo Grande) vai se transformar em um imenso palco para diversas manifesta\u00e7\u00f5es<\/p>\n","protected":false},"author":1,"featured_media":2310,"comment_status":"open","ping_status":"open","sticky":false,"template":"","format":"standard","meta":{"footnotes":""},"categories":[2],"tags":[],"class_list":["post-2309","post","type-post","status-publish","format-standard","has-post-thumbnail","hentry","category-noticias"],"_links":{"self":[{"href":"https:\/\/jornaloalvorada.com.br\/site\/wp-json\/wp\/v2\/posts\/2309","targetHints":{"allow":["GET"]}}],"collection":[{"href":"https:\/\/jornaloalvorada.com.br\/site\/wp-json\/wp\/v2\/posts"}],"about":[{"href":"https:\/\/jornaloalvorada.com.br\/site\/wp-json\/wp\/v2\/types\/post"}],"author":[{"embeddable":true,"href":"https:\/\/jornaloalvorada.com.br\/site\/wp-json\/wp\/v2\/users\/1"}],"replies":[{"embeddable":true,"href":"https:\/\/jornaloalvorada.com.br\/site\/wp-json\/wp\/v2\/comments?post=2309"}],"version-history":[{"count":1,"href":"https:\/\/jornaloalvorada.com.br\/site\/wp-json\/wp\/v2\/posts\/2309\/revisions"}],"predecessor-version":[{"id":2311,"href":"https:\/\/jornaloalvorada.com.br\/site\/wp-json\/wp\/v2\/posts\/2309\/revisions\/2311"}],"wp:featuredmedia":[{"embeddable":true,"href":"https:\/\/jornaloalvorada.com.br\/site\/wp-json\/wp\/v2\/media\/2310"}],"wp:attachment":[{"href":"https:\/\/jornaloalvorada.com.br\/site\/wp-json\/wp\/v2\/media?parent=2309"}],"wp:term":[{"taxonomy":"category","embeddable":true,"href":"https:\/\/jornaloalvorada.com.br\/site\/wp-json\/wp\/v2\/categories?post=2309"},{"taxonomy":"post_tag","embeddable":true,"href":"https:\/\/jornaloalvorada.com.br\/site\/wp-json\/wp\/v2\/tags?post=2309"}],"curies":[{"name":"wp","href":"https:\/\/api.w.org\/{rel}","templated":true}]}}