{"id":2306,"date":"2023-08-04T09:21:47","date_gmt":"2023-08-04T13:21:47","guid":{"rendered":"https:\/\/jornaloalvorada.com.br\/site\/?p=2306"},"modified":"2023-08-04T09:21:49","modified_gmt":"2023-08-04T13:21:49","slug":"mulheres-pessoas-trans-e-desempregados-tem-saude-mental-mais-abalada","status":"publish","type":"post","link":"https:\/\/jornaloalvorada.com.br\/site\/2023\/08\/04\/mulheres-pessoas-trans-e-desempregados-tem-saude-mental-mais-abalada\/","title":{"rendered":"Mulheres, pessoas trans e desempregados t\u00eam sa\u00fade mental mais abalada"},"content":{"rendered":"\n<p>Um \u00edndice in\u00e9dito, que vai medir a sa\u00fade mental dos brasileiros, identificou, em sua primeira edi\u00e7\u00e3o, lan\u00e7ada nesta sexta-feira (4), que a sanidade mental \u00e9 mais atingida em mulheres, pessoas trans, jovens e entre os desempregados. \u201cEsses foram alguns dos destaques dos indicadores associados com taxas demogr\u00e1ficas e h\u00e1bitos de vida\u201d, disse \u00e0 <strong>Ag\u00eancia Brasil<\/strong> a gerente executiva do Instituto Cactus, Luciana Barrancos.<img decoding=\"async\" src=\"https:\/\/agenciabrasil.ebc.com.br\/ebc.png?id=1547356&amp;o=node\"><img decoding=\"async\" src=\"https:\/\/agenciabrasil.ebc.com.br\/ebc.gif?id=1547356&amp;o=node\"><\/p>\n\n\n\n<p>O \u00cdndice Instituto Cactus \u2013 Atlas de Sa\u00fade Mental (iCASM) investiga diferentes aspectos, h\u00e1bitos e situa\u00e7\u00f5es que refletem a sa\u00fade mental dos brasileiros pelos lados positivo e negativo. Os fatores que apresentaram maior associa\u00e7\u00e3o com a sa\u00fade mental dos entrevistados foram g\u00eanero, orienta\u00e7\u00e3o sexual, renda, situa\u00e7\u00e3o profissional, rela\u00e7\u00f5es familiares e pr\u00e1tica de esportes.<\/p>\n\n\n\n<p>Foram realizadas pesquisas, com base em question\u00e1rios usados internacionalmente, com 2.248 pessoas, de 746 munic\u00edpios de todas as regi\u00f5es do pa\u00eds, nos meses de janeiro e fevereiro deste ano. Luciana Barrancos explicou que o 1\u00ba iCASM vale para o primeiro semestre deste ano. Em setembro e outubro, o Instituto Cactus far\u00e1 coleta de informa\u00e7\u00f5es referentes ao segundo semestre do ano, visando a divulga\u00e7\u00e3o das respostas em dezembro.<\/p>\n\n\n\n<p>\u201cA ideia \u00e9 que o \u00edndice se repita semestralmente, para a gente ter essa s\u00e9rie hist\u00f3rica da sa\u00fade mental e poder, de fato, comparar ao longo do tempo, acompanhar a evolu\u00e7\u00e3o e, tamb\u00e9m entre os grupos, como se manifestam essas diferen\u00e7as\u201d. O intuito do Instituto Cactus \u00e9 que o \u00edndice sirva como refer\u00eancia de dados sobre sa\u00fade mental para a sociedade como um todo, gestores p\u00fablicos, pesquisadores, e para a formula\u00e7\u00e3o de pol\u00edticas p\u00fablicas.<\/p>\n\n\n\n<h2 class=\"wp-block-heading\">M\u00f3dulos<\/h2>\n\n\n\n<p>O iCASM \u00e9 uma ferramenta que mede de zero a mil pontos. Nesta primeira edi\u00e7\u00e3o, ele ficou em 635 pontos. As respostas foram divididas em tr\u00eas \u00e1reas: confian\u00e7a, foco e vitalidade. Elas consideram confian\u00e7a como autoestima e autoconfian\u00e7a sobre o papel da pessoa na sociedade; foco como a habilidade de relacionamento com seu entorno de forma produtiva para tomar decis\u00f5es e realizar atividades do dia a dia; e vitalidade englobando disposi\u00e7\u00e3o e capacidade para superar desafios. \u201cCom base nisso, a gente criou esse indicador que \u00e9 um par\u00e2metro que vai de zero a mil\u201d, explicou a gerente executiva. O indicador para confian\u00e7a atingiu 733 pontos, enquanto os de vitalidade e foco obtiveram, respectivamente, 637 e 535 pontos.<\/p>\n\n\n\n<p>A pesquisa foi composta por um m\u00f3dulo fixo e um m\u00f3dulo vari\u00e1vel. O m\u00f3dulo fixo se baseia em dois question\u00e1rios internacionalmente validados, que s\u00e3o o Question\u00e1rio de Sa\u00fade Geral (QSG-12, ou GHQ-12, do ingl\u00eas <em>General Health Questionnaire<\/em>\u2019) e o Teste <em>Online <\/em>de Depress\u00e3o PHQ-9 (<em>Patient Health Questionnaire-<\/em>9). J\u00e1 o m\u00f3dulo vari\u00e1vel ter\u00e1 o tema substitu\u00eddo a cada coleta. A ideia \u00e9 conseguir investigar e aprofundar quest\u00f5es de interesse. Para o primeiro iCASM, o tema escolhido para o m\u00f3dulo vari\u00e1vel foram o uso e acesso a servi\u00e7o mental no Brasil.<\/p>\n\n\n\n<p>\u201cNesse tema, a gente conseguiu ver que somente 5% dos brasileiros fazem psicoterapia, o que representa um ter\u00e7o dos que relataram fazer uso de medica\u00e7\u00e3o. Outros 62,5% disseram n\u00e3o fazer uso de servi\u00e7os de apoio \u00e0 sa\u00fade mental, enquanto 20,9% utilizam servi\u00e7os privados e 16,6% usam servi\u00e7os p\u00fablicos\u201d. Por outro lado, 41% disseram estar insatisfeitos com servi\u00e7os de sa\u00fade de modo geral, contra 30% que se declararam satisfeitos ou muito satisfeitos.<\/p>\n\n\n\n<p>Parcela de 16,6% da popula\u00e7\u00e3o relatou tomar medica\u00e7\u00e3o de uso cont\u00ednuo para problemas emocionais, comportamentais ou relacionados ao uso de subst\u00e2ncias, sendo que a grande maioria (77%) vem fazendo uso desses rem\u00e9dios h\u00e1 mais de um ano. Al\u00e9m do tratamento m\u00e9dico ou psicol\u00f3gico, 11,9% da popula\u00e7\u00e3o afirmaram fazer algum outro tipo de terapia, como, por exemplo, medita\u00e7\u00e3o, ioga, fitoterapia, massagem.<\/p>\n\n\n\n<h2 class=\"wp-block-heading\">Finan\u00e7as e g\u00eanero<\/h2>\n\n\n\n<p>Segundo exp\u00f4s Luciana Barrancos, a condi\u00e7\u00e3o financeira \u00e9 motivo de grande inquietude para os brasileiros. Nove em cada dez consultados relataram ter se preocupado com essa quest\u00e3o muitas vezes ao longo das duas \u00faltimas semanas. Os que se preocuparam tr\u00eas vezes ou mais somaram 58% dos respondentes, contra 30% que se preocuparam uma ou duas vezes, e 12% que n\u00e3o se preocuparam nenhuma vez.<\/p>\n\n\n\n<p>Entre as pessoas desempregadas, o \u00edndice foi de 494 pontos, 186 pontos abaixo dos assalariados (680) e 141 pontos abaixo da m\u00e9dia populacional. Em termos de renda, as pessoas com menor renda, de at\u00e9 R$ 2 mil, marcaram 576 pontos, contra 737 pontos daquelas com renda acima de R$ 10 mil.<\/p>\n\n\n\n<p>Um rela\u00e7\u00e3o a g\u00eanero e identidade de g\u00eanero, o iCASM revela que as mulheres e as pessoas trans det\u00eam as pontua\u00e7\u00f5es mais baixas. As mulheres obtiveram iCASM de 600 pontos, 72 pontos abaixo do iCASM para homens (672 pontos) e 35 pontos abaixo da m\u00e9dia populacional. Para a popula\u00e7\u00e3o trans, o iCASM foi de 445, 193 pontos abaixo dos Cisg\u00eaneros (638) e 190 pontos abaixo da m\u00e9dia populacional. Aqueles que se declararam heterossexuais atingiram 665 pontos, contra 576 pontos do grupo que se identifica como homossexual. Para os bissexuais, a m\u00e9dia foi de 488 pontos.<\/p>\n\n\n\n<p>O iCASM aponta que os mais jovens, entre 16 e 24 anos de idade, apresentam a pontua\u00e7\u00e3o mais baixa de sanidade mental: 534 pontos, enquanto nos mais velhos, de 60 a 100 anos, a pontua\u00e7\u00e3o \u00e9 mais elevada: 757 pontos.<\/p>\n\n\n\n<h2 class=\"wp-block-heading\">Rela\u00e7\u00f5es sociais<\/h2>\n\n\n\n<p>O Instituto Cactus apurou tamb\u00e9m o que acontece em rela\u00e7\u00f5es sociais, envolvendo encontros com amigos e brigas com familiares. \u201cForam perguntas que revelaram resultados importantes\u201d, disse a gerente executiva. Os entrevistados que n\u00e3o relataram brigas com familiares nas \u00faltimas duas semanas apresentaram iCASM de 715 pontos, contra 370 entre aqueles que reportaram tr\u00eas ou mais epis\u00f3dios de brigas nesse per\u00edodo. Sobre encontros com amigos, a pesquisa indicou que aqueles que se encontraram com amigos tr\u00eas ou mais vezes nas \u00faltimas duas semanas alcan\u00e7aram iCASM de 734 pontos. J\u00e1 entre aqueles que n\u00e3o tiveram encontros com amigos em igual per\u00edodo, o iCASM foi de 508 pontos.<\/p>\n\n\n\n<p>Luciana destacou tamb\u00e9m quest\u00f5es de autoestima, que tiveram resultados mais baixos, quando as perguntas abordavam se a pessoa se sentia feia e pouco atraente: o iCASM foi de 384 pontos, contra 776 para aqueles que n\u00e3o tinham esse sentimento. Entre os que se julgavam pouco inteligentes, o iCASM ficou em 326 pontos, contra 752 daqueles que n\u00e3o tinham essa preocupa\u00e7\u00e3o. Entre os consultados que reportaram ter sofrido <em>bullying<\/em> tr\u00eas vezes ou mais nas \u00faltimas semanas, o indicador alcan\u00e7ou 486 pontos, contra 659 para aqueles que n\u00e3o relataram nenhum epis\u00f3dio.<\/p>\n\n\n\n<p>O Instituto Cactus constatou tamb\u00e9m que a pr\u00e1tica de esportes est\u00e1 associada a um \u00edndice de sa\u00fade mental mais alto. O iCASM de quem se exercita tr\u00eas ou mais vezes na semana atingiu 722, enquanto o grupo que n\u00e3o pratica atividade f\u00edsica teve \u00edndice de 580.<\/p>\n\n\n\n<p>Do total de entrevistados, 68% relataram se sentir cansados ou com pouca energia para fazer as atividades di\u00e1rias, abrangendo 58% das mulheres e 69% das pessoas trans. \u201cTamb\u00e9m \u00e9 um n\u00famero bem relevante que chama a aten\u00e7\u00e3o\u201d, comentou Luciana. Outros 54% afirmaram sentir pouco prazer ou interesse em fazer as coisas no cotidiano. J\u00e1 49% afirmaram n\u00e3o se sentir deprimidos, ao passo que 51% responderam de forma afirmativa.<\/p>\n\n\n\n<p>Quinze por cento dos brasileiros revelaram ter consumido \u00e1lcool tr\u00eas vezes ou mais nas \u00faltimas duas semanas, sendo que 40% dos entrevistados confessaram ter sentido necessidade de reduzir o consumo de bebidas alco\u00f3licas ou mesmo parar de beber; j\u00e1 16% consumiram cigarros no mesmo per\u00edodo.<\/p>\n\n\n\n<p>O iCASM \u00e9 uma iniciativa do Instituto Cactus, entidade filantr\u00f3pica de direitos humanos que se dedica \u00e0 promo\u00e7\u00e3o da sa\u00fade mental no Brasil, em parceria com a AtlasIntel, empresa especializada em pesquisas e intelig\u00eancia. O estudo contou com a supervis\u00e3o de um comit\u00ea cient\u00edfico independente e a aprova\u00e7\u00e3o de um comit\u00ea de \u00e9tica.<\/p>\n\n\n\n<p><em>Fonte: Ag\u00eancia Brasil<\/em><\/p>\n","protected":false},"excerpt":{"rendered":"<p>Um \u00edndice in\u00e9dito, que vai medir a sa\u00fade mental dos brasileiros, identificou, em sua primeira edi\u00e7\u00e3o, lan\u00e7ada nesta sexta-feira (4),<\/p>\n","protected":false},"author":1,"featured_media":2307,"comment_status":"open","ping_status":"open","sticky":false,"template":"","format":"standard","meta":{"footnotes":""},"categories":[2],"tags":[],"class_list":["post-2306","post","type-post","status-publish","format-standard","has-post-thumbnail","hentry","category-noticias"],"_links":{"self":[{"href":"https:\/\/jornaloalvorada.com.br\/site\/wp-json\/wp\/v2\/posts\/2306","targetHints":{"allow":["GET"]}}],"collection":[{"href":"https:\/\/jornaloalvorada.com.br\/site\/wp-json\/wp\/v2\/posts"}],"about":[{"href":"https:\/\/jornaloalvorada.com.br\/site\/wp-json\/wp\/v2\/types\/post"}],"author":[{"embeddable":true,"href":"https:\/\/jornaloalvorada.com.br\/site\/wp-json\/wp\/v2\/users\/1"}],"replies":[{"embeddable":true,"href":"https:\/\/jornaloalvorada.com.br\/site\/wp-json\/wp\/v2\/comments?post=2306"}],"version-history":[{"count":1,"href":"https:\/\/jornaloalvorada.com.br\/site\/wp-json\/wp\/v2\/posts\/2306\/revisions"}],"predecessor-version":[{"id":2308,"href":"https:\/\/jornaloalvorada.com.br\/site\/wp-json\/wp\/v2\/posts\/2306\/revisions\/2308"}],"wp:featuredmedia":[{"embeddable":true,"href":"https:\/\/jornaloalvorada.com.br\/site\/wp-json\/wp\/v2\/media\/2307"}],"wp:attachment":[{"href":"https:\/\/jornaloalvorada.com.br\/site\/wp-json\/wp\/v2\/media?parent=2306"}],"wp:term":[{"taxonomy":"category","embeddable":true,"href":"https:\/\/jornaloalvorada.com.br\/site\/wp-json\/wp\/v2\/categories?post=2306"},{"taxonomy":"post_tag","embeddable":true,"href":"https:\/\/jornaloalvorada.com.br\/site\/wp-json\/wp\/v2\/tags?post=2306"}],"curies":[{"name":"wp","href":"https:\/\/api.w.org\/{rel}","templated":true}]}}