{"id":2304,"date":"2023-08-04T09:20:42","date_gmt":"2023-08-04T13:20:42","guid":{"rendered":"https:\/\/jornaloalvorada.com.br\/site\/?p=2304"},"modified":"2023-08-04T09:20:44","modified_gmt":"2023-08-04T13:20:44","slug":"previsao-indica-sexta-feira-com-continuidade-do-ar-seco-e-sol-forte-em-mato-grosso-do-sul","status":"publish","type":"post","link":"https:\/\/jornaloalvorada.com.br\/site\/2023\/08\/04\/previsao-indica-sexta-feira-com-continuidade-do-ar-seco-e-sol-forte-em-mato-grosso-do-sul\/","title":{"rendered":"Previs\u00e3o indica sexta-feira com continuidade do ar seco e sol forte em Mato Grosso do Sul"},"content":{"rendered":"\n<p>A sexta-feira (4) ser\u00e1 como os demais dias da semana em Mato Grosso do Sul: continuidade do tempo quente e seco, com previs\u00e3o de tempo est\u00e1vel e sol forte. A condi\u00e7\u00e3o se estende ao fim de semana e ocorre devido ao bloqueio atmosf\u00e9rico que inibe a forma\u00e7\u00e3o de nuvens.<\/p>\n\n\n\n<p>Essa \u00e9 a previs\u00e3o do tempo feita Cemtec (Centro de Monitoramento do Tempo e do Clima de Mato Grosso do Sul), que indica ainda a possibilidade dos term\u00f4metros beirarem os 40\u00b0C no Estado.<\/p>\n\n\n\n<p>O tempo seco e com baixos valores de umidade relativa do ar prevalecem, com alguns munic\u00edpios j\u00e1 somando mais de 30 dias consecutivos sem chuvas, o que gera cuidados \u00e0 sa\u00fade.<\/p>\n\n\n\n<p>Est\u00e3o previstas temperatura m\u00ednima de 14\u00b0C e m\u00e1xima que podem atingir os 34\u00b0C nas regi\u00f5es sul e leste. Para as regi\u00f5es norte e nordeste, s\u00e3o esperadas temperaturas m\u00ednima de 15\u00b0C e m\u00e1xima de at\u00e9 38\u00b0C. J\u00e1 nas regi\u00f5es sudoeste e pantaneira, esperam-se m\u00ednima de 19\u00b0C e m\u00e1xima de at\u00e9 39\u00b0C. Na cCpital, os term\u00f4metros devem variar entre 18\u00b0C e 34\u00b0C.<\/p>\n\n\n\n<p>Durante o per\u00edodo da tarde prevalecem as altas temperaturas aliadas aos baixos valores de umidade relativa do ar, que podem variar entre 10% e 30% no Estado. Por isso, recomenda-se umidificar os ambientes, beber bastante l\u00edquido e evitar exposi\u00e7\u00e3o ao sol. Os ventos alcan\u00e7am entre velocidade de no m\u00e1ximo 50 km\/h, com rajadas pontualmente passando disso.<\/p>\n\n\n\n<p><em>Nyelder Rodrigues, Comunica\u00e7\u00e3o Governo de MS<\/em><br><em>Foto: \u00c1lvaro Rezende<\/em><\/p>\n","protected":false},"excerpt":{"rendered":"<p>A sexta-feira (4) ser\u00e1 como os demais dias da semana em Mato Grosso do Sul: continuidade do tempo quente e<\/p>\n","protected":false},"author":1,"featured_media":2108,"comment_status":"open","ping_status":"open","sticky":false,"template":"","format":"standard","meta":{"footnotes":""},"categories":[2],"tags":[],"class_list":["post-2304","post","type-post","status-publish","format-standard","has-post-thumbnail","hentry","category-noticias"],"_links":{"self":[{"href":"https:\/\/jornaloalvorada.com.br\/site\/wp-json\/wp\/v2\/posts\/2304","targetHints":{"allow":["GET"]}}],"collection":[{"href":"https:\/\/jornaloalvorada.com.br\/site\/wp-json\/wp\/v2\/posts"}],"about":[{"href":"https:\/\/jornaloalvorada.com.br\/site\/wp-json\/wp\/v2\/types\/post"}],"author":[{"embeddable":true,"href":"https:\/\/jornaloalvorada.com.br\/site\/wp-json\/wp\/v2\/users\/1"}],"replies":[{"embeddable":true,"href":"https:\/\/jornaloalvorada.com.br\/site\/wp-json\/wp\/v2\/comments?post=2304"}],"version-history":[{"count":1,"href":"https:\/\/jornaloalvorada.com.br\/site\/wp-json\/wp\/v2\/posts\/2304\/revisions"}],"predecessor-version":[{"id":2305,"href":"https:\/\/jornaloalvorada.com.br\/site\/wp-json\/wp\/v2\/posts\/2304\/revisions\/2305"}],"wp:featuredmedia":[{"embeddable":true,"href":"https:\/\/jornaloalvorada.com.br\/site\/wp-json\/wp\/v2\/media\/2108"}],"wp:attachment":[{"href":"https:\/\/jornaloalvorada.com.br\/site\/wp-json\/wp\/v2\/media?parent=2304"}],"wp:term":[{"taxonomy":"category","embeddable":true,"href":"https:\/\/jornaloalvorada.com.br\/site\/wp-json\/wp\/v2\/categories?post=2304"},{"taxonomy":"post_tag","embeddable":true,"href":"https:\/\/jornaloalvorada.com.br\/site\/wp-json\/wp\/v2\/tags?post=2304"}],"curies":[{"name":"wp","href":"https:\/\/api.w.org\/{rel}","templated":true}]}}