{"id":2299,"date":"2023-08-03T09:27:02","date_gmt":"2023-08-03T13:27:02","guid":{"rendered":"https:\/\/jornaloalvorada.com.br\/site\/?p=2299"},"modified":"2023-08-03T09:27:04","modified_gmt":"2023-08-03T13:27:04","slug":"escola-em-tempo-integral-governo-publica-regras-para-adesao","status":"publish","type":"post","link":"https:\/\/jornaloalvorada.com.br\/site\/2023\/08\/03\/escola-em-tempo-integral-governo-publica-regras-para-adesao\/","title":{"rendered":"Escola em tempo integral: governo publica regras para ades\u00e3o"},"content":{"rendered":"\n<p>O Minist\u00e9rio da Educa\u00e7\u00e3o (MEC) publicou, nessa quarta-feira (2), uma&nbsp;<a href=\"https:\/\/www.in.gov.br\/en\/web\/dou\/-\/portaria-n-1.495-de-2-de-agosto-de-2023-500550822\" target=\"_blank\" rel=\"noreferrer noopener\">portaria<\/a> que define as regras para ades\u00e3o e a pactua\u00e7\u00e3o de metas pela amplia\u00e7\u00e3o de matr\u00edculas em tempo integral. Estados, Distrito Federal (DF) e munic\u00edpios podem aderir ao cronograma de 2023, at\u00e9 o dia 31 de agosto.<img decoding=\"async\" src=\"https:\/\/agenciabrasil.ebc.com.br\/ebc.png?id=1547157&amp;o=node\"><img decoding=\"async\" src=\"https:\/\/agenciabrasil.ebc.com.br\/ebc.gif?id=1547157&amp;o=node\"><\/p>\n\n\n\n<p>A ades\u00e3o deve ser realizada por meio do <a href=\"https:\/\/simec.mec.gov.br\/login.php\" target=\"_blank\" rel=\"noreferrer noopener\">Sistema Integrado de Monitoramento Execu\u00e7\u00e3o e Controle (Simec)<\/a>, de forma volunt\u00e1ria. Ap\u00f3s essa etapa, no per\u00edodo de 1\u00ba de setembro a 15 de dezembro, os entes federados dever\u00e3o pactuar com o MEC as metas e o recebimento de repasses.<\/p>\n\n\n\n<p>A portaria estabelece um fomento m\u00ednimo de R$ 1.693,22, por aluno matriculado em tempo integral na educa\u00e7\u00e3o b\u00e1sica, da creche ao ensino m\u00e9dio. Cada ente federado que aderir ter\u00e1 um c\u00e1lculo pr\u00f3prio de acordo com os valores estabelecidos no \u00e2mbito do Fundo de Manuten\u00e7\u00e3o e Desenvolvimento da Educa\u00e7\u00e3o B\u00e1sica e de Valoriza\u00e7\u00e3o dos Profissionais da Educa\u00e7\u00e3o (Fundeb).<\/p>\n\n\n\n<p>O valor ser\u00e1 pago a munic\u00edpios, estados e DF em duas parcelas que levar\u00e3o em conta o n\u00famero de matr\u00edculas pactuadas, o valor do fomento calculado para aquele ente e o tempo de ensino integral ofertado naquela rede. \u00c9 necess\u00e1rio um m\u00ednimo de sete horas di\u00e1rias, ou 35 horas semanais de atividades escolares, em dois turnos, para que configure uma matr\u00edcula do Programa Escola em Tempo Integral, estabelecido pela Lei n\u00ba 14.640, de 31 de julho de 2023.<\/p>\n\n\n\n<p>A transfer\u00eancia da primeira parcela ser\u00e1 feita at\u00e9 o dia 31 de dezembro deste ano. No in\u00edcio de 2024, os entes federados que receberem o fomento ter\u00e3o o prazo de 1\u00ba de janeiro a 1\u00ba de mar\u00e7o para declarar a efetiva\u00e7\u00e3o das matr\u00edculas pactuadas. Ap\u00f3s esse per\u00edodo, o MEC realizar\u00e1 o pagamento da segunda parcela.<\/p>\n\n\n\n<p>O Minist\u00e9rio da Educa\u00e7\u00e3o estabeleceu como meta a amplia\u00e7\u00e3o da oferta em 1 milh\u00e3o de matr\u00edculas em tempo integral nas escolas de educa\u00e7\u00e3o b\u00e1sica de todo o pa\u00eds, ainda em 2023. At\u00e9 o ano de 2026, o objetivo \u00e9 ampliar a oferta em cerca de 3,2 milh\u00f5es de matr\u00edculas.<\/p>\n\n\n\n<p>As novas matr\u00edculas criadas, ou convertidas para jornada integral, a partir de 2023, dever\u00e3o ser registradas pelos entes federados no Censo Escolar, realizado pelo Instituto Nacional de Estudos e Pesquisas Educacionais An\u00edsio Teixeira (Inep).<\/p>\n\n\n\n<figure class=\"wp-block-table\"><table><tbody><tr><td><strong>ETAPA<\/strong><\/td><td><strong>PER\u00cdODO<\/strong><\/td><\/tr><tr><td>Ades\u00e3o<\/td><td>02\/08\/2023 a 31\/08\/2023<\/td><\/tr><tr><td>Pactua\u00e7\u00e3o<\/td><td>01\/09\/2023 a 15\/10\/2023<\/td><\/tr><tr><td>Redistribui\u00e7\u00e3o das matr\u00edculas n\u00e3o pactuadas<\/td><td>16\/10\/2023 a 31\/10\/2023<\/td><\/tr><tr><td>Transfer\u00eancia da 1\u00aa parcela<\/td><td>At\u00e9 31\/12\/2023<\/td><\/tr><tr><td>Declara\u00e7\u00e3o das matr\u00edculas<\/td><td>01\/01\/2024 a 01\/03\/2024<\/td><\/tr><tr><td>Transfer\u00eancia da 2\u00aa parcela<\/td><td>At\u00e9 30\/06\/2024<\/td><\/tr><tr><td>Registro das matr\u00edculas no Censo Escolar<\/td><td>De acordo com o cronograma do Censo Escolar<\/td><\/tr><\/tbody><\/table><\/figure>\n\n\n\n<p><strong><em>Fonte: Ag\u00eancia Brasil<\/em><\/strong><\/p>\n","protected":false},"excerpt":{"rendered":"<p>O Minist\u00e9rio da Educa\u00e7\u00e3o (MEC) publicou, nessa quarta-feira (2), uma&nbsp;portaria que define as regras para ades\u00e3o e a pactua\u00e7\u00e3o de<\/p>\n","protected":false},"author":1,"featured_media":2300,"comment_status":"open","ping_status":"open","sticky":false,"template":"","format":"standard","meta":{"footnotes":""},"categories":[2],"tags":[],"class_list":["post-2299","post","type-post","status-publish","format-standard","has-post-thumbnail","hentry","category-noticias"],"_links":{"self":[{"href":"https:\/\/jornaloalvorada.com.br\/site\/wp-json\/wp\/v2\/posts\/2299","targetHints":{"allow":["GET"]}}],"collection":[{"href":"https:\/\/jornaloalvorada.com.br\/site\/wp-json\/wp\/v2\/posts"}],"about":[{"href":"https:\/\/jornaloalvorada.com.br\/site\/wp-json\/wp\/v2\/types\/post"}],"author":[{"embeddable":true,"href":"https:\/\/jornaloalvorada.com.br\/site\/wp-json\/wp\/v2\/users\/1"}],"replies":[{"embeddable":true,"href":"https:\/\/jornaloalvorada.com.br\/site\/wp-json\/wp\/v2\/comments?post=2299"}],"version-history":[{"count":1,"href":"https:\/\/jornaloalvorada.com.br\/site\/wp-json\/wp\/v2\/posts\/2299\/revisions"}],"predecessor-version":[{"id":2301,"href":"https:\/\/jornaloalvorada.com.br\/site\/wp-json\/wp\/v2\/posts\/2299\/revisions\/2301"}],"wp:featuredmedia":[{"embeddable":true,"href":"https:\/\/jornaloalvorada.com.br\/site\/wp-json\/wp\/v2\/media\/2300"}],"wp:attachment":[{"href":"https:\/\/jornaloalvorada.com.br\/site\/wp-json\/wp\/v2\/media?parent=2299"}],"wp:term":[{"taxonomy":"category","embeddable":true,"href":"https:\/\/jornaloalvorada.com.br\/site\/wp-json\/wp\/v2\/categories?post=2299"},{"taxonomy":"post_tag","embeddable":true,"href":"https:\/\/jornaloalvorada.com.br\/site\/wp-json\/wp\/v2\/tags?post=2299"}],"curies":[{"name":"wp","href":"https:\/\/api.w.org\/{rel}","templated":true}]}}