{"id":2294,"date":"2023-08-03T09:06:28","date_gmt":"2023-08-03T13:06:28","guid":{"rendered":"https:\/\/jornaloalvorada.com.br\/site\/?p=2294"},"modified":"2023-08-03T09:06:34","modified_gmt":"2023-08-03T13:06:34","slug":"tempo-fica-seco-e-quente-durante-a-quinta-feira-em-mato-grosso-do-sul","status":"publish","type":"post","link":"https:\/\/jornaloalvorada.com.br\/site\/2023\/08\/03\/tempo-fica-seco-e-quente-durante-a-quinta-feira-em-mato-grosso-do-sul\/","title":{"rendered":"Tempo fica seco e quente durante a quinta-feira em Mato Grosso do Sul"},"content":{"rendered":"\n<p>A quinta-feira (3) em Mato Grosso do Sul ser\u00e1 de altas temperaturas, com r\u00e1pida eleva\u00e7\u00e3o \u00e0 tarde e valores pr\u00f3ximos ou maiores que 35\u00b0C. Al\u00e9m disso, com a continuidade do tempo seco, os baixos valores de umidade relativa do ar e muitos dias consecutivos sem chuvas, o ambiente atmosf\u00e9rico se torna prop\u00edcio para a ocorr\u00eancia de inc\u00eandios florestais.<\/p>\n\n\n\n<p>Para Campo Grande, o Cemtec (Centro de Monitoramento do Tempo e do Clima) prev\u00ea m\u00ednima de 19\u00b0C e a m\u00e1xima de 32\u00b0C. Em Dourados, 15\u00b0C pela manh\u00e3 e 32\u00baC pela tarde. No leste do Estado, em Anauril\u00e2ndia, os term\u00f4metros marcam 16\u00b0C inicialmente e sobem at\u00e9 os 32\u00baC. No Cone-sul, Iguatemi registra m\u00ednima de 15\u00b0C e m\u00e1xima de 30\u00b0C.<\/p>\n\n\n\n<p>As temperaturas sobem um pouco mais nas regi\u00f5es do Pantanal, Norte e Sudoeste. Em Corumb\u00e1, m\u00ednima de 21\u00b0C e m\u00e1xima de 33\u00b0C; Aquidauana ter\u00e1 varia\u00e7\u00e3o entre 19\u00b0C e 35\u00b0C. Porto Murtinho amanhece com 21\u00b0C e atinge os 36\u00b0C ao longo do dia. Coxim com m\u00ednima de 19\u00b0C e m\u00e1xima de 35\u00b0C. No Bols\u00e3o, Tr\u00eas Lagoas registra 16\u00b0C pela manh\u00e3 e 32\u00b0C de tarde.<\/p>\n\n\n\n<p><em>Jo\u00e3o Pedro Flores, Programa de Est\u00e1gio Supervisionado<br>Foto: Bruno Rezende<\/em><\/p>\n","protected":false},"excerpt":{"rendered":"<p>A quinta-feira (3) em Mato Grosso do Sul ser\u00e1 de altas temperaturas, com r\u00e1pida eleva\u00e7\u00e3o \u00e0 tarde e valores pr\u00f3ximos<\/p>\n","protected":false},"author":1,"featured_media":2131,"comment_status":"open","ping_status":"open","sticky":false,"template":"","format":"standard","meta":{"footnotes":""},"categories":[2],"tags":[],"class_list":["post-2294","post","type-post","status-publish","format-standard","has-post-thumbnail","hentry","category-noticias"],"_links":{"self":[{"href":"https:\/\/jornaloalvorada.com.br\/site\/wp-json\/wp\/v2\/posts\/2294","targetHints":{"allow":["GET"]}}],"collection":[{"href":"https:\/\/jornaloalvorada.com.br\/site\/wp-json\/wp\/v2\/posts"}],"about":[{"href":"https:\/\/jornaloalvorada.com.br\/site\/wp-json\/wp\/v2\/types\/post"}],"author":[{"embeddable":true,"href":"https:\/\/jornaloalvorada.com.br\/site\/wp-json\/wp\/v2\/users\/1"}],"replies":[{"embeddable":true,"href":"https:\/\/jornaloalvorada.com.br\/site\/wp-json\/wp\/v2\/comments?post=2294"}],"version-history":[{"count":1,"href":"https:\/\/jornaloalvorada.com.br\/site\/wp-json\/wp\/v2\/posts\/2294\/revisions"}],"predecessor-version":[{"id":2295,"href":"https:\/\/jornaloalvorada.com.br\/site\/wp-json\/wp\/v2\/posts\/2294\/revisions\/2295"}],"wp:featuredmedia":[{"embeddable":true,"href":"https:\/\/jornaloalvorada.com.br\/site\/wp-json\/wp\/v2\/media\/2131"}],"wp:attachment":[{"href":"https:\/\/jornaloalvorada.com.br\/site\/wp-json\/wp\/v2\/media?parent=2294"}],"wp:term":[{"taxonomy":"category","embeddable":true,"href":"https:\/\/jornaloalvorada.com.br\/site\/wp-json\/wp\/v2\/categories?post=2294"},{"taxonomy":"post_tag","embeddable":true,"href":"https:\/\/jornaloalvorada.com.br\/site\/wp-json\/wp\/v2\/tags?post=2294"}],"curies":[{"name":"wp","href":"https:\/\/api.w.org\/{rel}","templated":true}]}}