{"id":2285,"date":"2023-08-02T10:44:51","date_gmt":"2023-08-02T14:44:51","guid":{"rendered":"https:\/\/jornaloalvorada.com.br\/site\/?p=2285"},"modified":"2023-08-02T10:44:52","modified_gmt":"2023-08-02T14:44:52","slug":"stf-retoma-julgamento-sobre-descriminalizacao-do-porte-de-drogas","status":"publish","type":"post","link":"https:\/\/jornaloalvorada.com.br\/site\/2023\/08\/02\/stf-retoma-julgamento-sobre-descriminalizacao-do-porte-de-drogas\/","title":{"rendered":"STF retoma julgamento sobre descriminaliza\u00e7\u00e3o do porte de drogas"},"content":{"rendered":"\n<p>O Supremo Tribunal Federal (STF) retoma hoje (2) o julgamento sobre a descriminaliza\u00e7\u00e3o do porte de pequenas quantidades de drogas para consumo pessoal.<img decoding=\"async\" src=\"https:\/\/agenciabrasil.ebc.com.br\/ebc.png?id=1546837&amp;o=node\"><img decoding=\"async\" src=\"https:\/\/agenciabrasil.ebc.com.br\/ebc.gif?id=1546837&amp;o=node\"><\/p>\n\n\n\n<p>O processo sobre o assunto estava previsto para ser julgado em junho deste ano, mas foi adiado em fun\u00e7\u00e3o das sess\u00f5es destinadas ao julgamento do ex-presidente Fernando Collor.<\/p>\n\n\n\n<p>A descriminaliza\u00e7\u00e3o do porte come\u00e7ou ser analisada em 2015, mas o julgamento foi suspenso por um pedido de vista do ministro Alexandre de Moraes.<\/p>\n\n\n\n<p>O caso trata da posse e do porte de drogas para consumo pessoal, infra\u00e7\u00e3o penal de baixa gravidade que consta no Artigo 28 da Lei das Drogas (Lei 11.343\/2006). As penas previstas s\u00e3o advert\u00eancia sobre os efeitos das drogas, servi\u00e7os comunit\u00e1rios e medida educativa de comparecimento \u00e0 programa ou curso sobre uso de drogas.<\/p>\n\n\n\n<p>At\u00e9 o momento, tr\u00eas ministros \u2013 Lu\u00eds Roberto Barroso, Edson Fachin e Gilmar Mendes \u2013 votaram, todos a favor de algum tipo de descriminaliza\u00e7\u00e3o da posse de drogas.<\/p>\n\n\n\n<p>O recurso sobre o assunto tem repercuss\u00e3o geral reconhecida, devendo servir de par\u00e2metro para todo o Judici\u00e1rio brasileiro.<\/p>\n\n\n\n<p><em>Fonte: Ag\u00eancia Brasil<\/em><\/p>\n","protected":false},"excerpt":{"rendered":"<p>O Supremo Tribunal Federal (STF) retoma hoje (2) o julgamento sobre a descriminaliza\u00e7\u00e3o do porte de pequenas quantidades de drogas<\/p>\n","protected":false},"author":1,"featured_media":2286,"comment_status":"open","ping_status":"open","sticky":false,"template":"","format":"standard","meta":{"footnotes":""},"categories":[2],"tags":[],"class_list":["post-2285","post","type-post","status-publish","format-standard","has-post-thumbnail","hentry","category-noticias"],"_links":{"self":[{"href":"https:\/\/jornaloalvorada.com.br\/site\/wp-json\/wp\/v2\/posts\/2285","targetHints":{"allow":["GET"]}}],"collection":[{"href":"https:\/\/jornaloalvorada.com.br\/site\/wp-json\/wp\/v2\/posts"}],"about":[{"href":"https:\/\/jornaloalvorada.com.br\/site\/wp-json\/wp\/v2\/types\/post"}],"author":[{"embeddable":true,"href":"https:\/\/jornaloalvorada.com.br\/site\/wp-json\/wp\/v2\/users\/1"}],"replies":[{"embeddable":true,"href":"https:\/\/jornaloalvorada.com.br\/site\/wp-json\/wp\/v2\/comments?post=2285"}],"version-history":[{"count":1,"href":"https:\/\/jornaloalvorada.com.br\/site\/wp-json\/wp\/v2\/posts\/2285\/revisions"}],"predecessor-version":[{"id":2287,"href":"https:\/\/jornaloalvorada.com.br\/site\/wp-json\/wp\/v2\/posts\/2285\/revisions\/2287"}],"wp:featuredmedia":[{"embeddable":true,"href":"https:\/\/jornaloalvorada.com.br\/site\/wp-json\/wp\/v2\/media\/2286"}],"wp:attachment":[{"href":"https:\/\/jornaloalvorada.com.br\/site\/wp-json\/wp\/v2\/media?parent=2285"}],"wp:term":[{"taxonomy":"category","embeddable":true,"href":"https:\/\/jornaloalvorada.com.br\/site\/wp-json\/wp\/v2\/categories?post=2285"},{"taxonomy":"post_tag","embeddable":true,"href":"https:\/\/jornaloalvorada.com.br\/site\/wp-json\/wp\/v2\/tags?post=2285"}],"curies":[{"name":"wp","href":"https:\/\/api.w.org\/{rel}","templated":true}]}}