{"id":2283,"date":"2023-08-02T10:43:48","date_gmt":"2023-08-02T14:43:48","guid":{"rendered":"https:\/\/jornaloalvorada.com.br\/site\/?p=2283"},"modified":"2023-08-02T10:43:54","modified_gmt":"2023-08-02T14:43:54","slug":"previsao-de-temperaturas-elevadas-em-todo-estado-nesta-quarta-feira","status":"publish","type":"post","link":"https:\/\/jornaloalvorada.com.br\/site\/2023\/08\/02\/previsao-de-temperaturas-elevadas-em-todo-estado-nesta-quarta-feira\/","title":{"rendered":"Previs\u00e3o de temperaturas elevadas em todo Estado nesta quarta-feira"},"content":{"rendered":"\n<p>A previs\u00e3o para quarta-feira (2) indica que Mato Grosso do Sul ir\u00e1 enfrentar altas temperaturas, com r\u00e1pida eleva\u00e7\u00e3o \u00e0 tarde e valores que podem ultrapassar os 35\u00b0C. Al\u00e9m disso, a continuidade do tempo seco, os baixos valores de umidade relativa do ar e muitos dias consecutivos sem chuvas, o ambiente atmosf\u00e9rico se torna prop\u00edcio para a ocorr\u00eancia de inc\u00eandios florestais.<\/p>\n\n\n\n<p>O Cemtec (Centro de Monitoramento do Tempo e do Clima) prev\u00ea que em Campo Grande a m\u00ednima ser\u00e1 de 18\u00b0C e a m\u00e1xima de 32\u00b0C. Em Dourados, 15\u00b0C pela manh\u00e3 e 32\u00baC pela tarde. No leste do Estado, em Anauril\u00e2ndia, os term\u00f4metros marcam 14\u00b0C inicialmente e sobem at\u00e9 os 31\u00baC. No Cone-sul, Iguatemi registra m\u00ednima de 15\u00b0C e m\u00e1xima de 29\u00b0C. Na fronteira com o Paraguai, Ponta Por\u00e3 varia as temperaturas entre 16\u00b0C e 28\u00b0C.<\/p>\n\n\n\n<p>No Pantanal, m\u00ednima de 21\u00b0C em Corumb\u00e1 e m\u00e1xima de 33\u00b0C; Aquidauana ter\u00e1 varia\u00e7\u00e3o entre 20\u00b0C e 35\u00b0C. Na regi\u00e3o sudoeste, Porto Murtinho amanhece com 21\u00b0C e atinge os 36\u00b0C ao longo do dia. No norte, Coxim ter\u00e1 m\u00ednima de 19\u00b0C e a m\u00e1xima de 35\u00b0C. No Bols\u00e3o, Tr\u00eas Lagoas ter\u00e1 15\u00b0C pela manh\u00e3 e 32\u00b0C de tarde.<\/p>\n\n\n\n<figure class=\"wp-block-image\"><a href=\"https:\/\/agenciadenoticias.ms.gov.br\/wp-content\/uploads\/2023\/08\/0208-tempo.jpg\"><img decoding=\"async\" src=\"https:\/\/agenciadenoticias.ms.gov.br\/wp-content\/uploads\/2023\/08\/0208-tempo.jpg\" alt=\"\" class=\"wp-image-444883\"\/><\/a><\/figure>\n\n\n\n<p><em>Jo\u00e3o Pedro Flores, Programa Est\u00e1gio Supervisionado<\/em><br><em>Foto: Bruno Rezende\/Arquivo<\/em><\/p>\n","protected":false},"excerpt":{"rendered":"<p>A previs\u00e3o para quarta-feira (2) indica que Mato Grosso do Sul ir\u00e1 enfrentar altas temperaturas, com r\u00e1pida eleva\u00e7\u00e3o \u00e0 tarde<\/p>\n","protected":false},"author":1,"featured_media":2111,"comment_status":"open","ping_status":"open","sticky":false,"template":"","format":"standard","meta":{"footnotes":""},"categories":[2],"tags":[],"class_list":["post-2283","post","type-post","status-publish","format-standard","has-post-thumbnail","hentry","category-noticias"],"_links":{"self":[{"href":"https:\/\/jornaloalvorada.com.br\/site\/wp-json\/wp\/v2\/posts\/2283","targetHints":{"allow":["GET"]}}],"collection":[{"href":"https:\/\/jornaloalvorada.com.br\/site\/wp-json\/wp\/v2\/posts"}],"about":[{"href":"https:\/\/jornaloalvorada.com.br\/site\/wp-json\/wp\/v2\/types\/post"}],"author":[{"embeddable":true,"href":"https:\/\/jornaloalvorada.com.br\/site\/wp-json\/wp\/v2\/users\/1"}],"replies":[{"embeddable":true,"href":"https:\/\/jornaloalvorada.com.br\/site\/wp-json\/wp\/v2\/comments?post=2283"}],"version-history":[{"count":1,"href":"https:\/\/jornaloalvorada.com.br\/site\/wp-json\/wp\/v2\/posts\/2283\/revisions"}],"predecessor-version":[{"id":2284,"href":"https:\/\/jornaloalvorada.com.br\/site\/wp-json\/wp\/v2\/posts\/2283\/revisions\/2284"}],"wp:featuredmedia":[{"embeddable":true,"href":"https:\/\/jornaloalvorada.com.br\/site\/wp-json\/wp\/v2\/media\/2111"}],"wp:attachment":[{"href":"https:\/\/jornaloalvorada.com.br\/site\/wp-json\/wp\/v2\/media?parent=2283"}],"wp:term":[{"taxonomy":"category","embeddable":true,"href":"https:\/\/jornaloalvorada.com.br\/site\/wp-json\/wp\/v2\/categories?post=2283"},{"taxonomy":"post_tag","embeddable":true,"href":"https:\/\/jornaloalvorada.com.br\/site\/wp-json\/wp\/v2\/tags?post=2283"}],"curies":[{"name":"wp","href":"https:\/\/api.w.org\/{rel}","templated":true}]}}