{"id":2280,"date":"2023-08-01T13:40:30","date_gmt":"2023-08-01T17:40:30","guid":{"rendered":"https:\/\/jornaloalvorada.com.br\/site\/?p=2280"},"modified":"2023-08-01T13:40:32","modified_gmt":"2023-08-01T17:40:32","slug":"estranho-dores-no-quadril-de-lula-nao-atrapalham-viagens-internacionais-veja-roteiros","status":"publish","type":"post","link":"https:\/\/jornaloalvorada.com.br\/site\/2023\/08\/01\/estranho-dores-no-quadril-de-lula-nao-atrapalham-viagens-internacionais-veja-roteiros\/","title":{"rendered":"Estranho: dores no quadril de Lula n\u00e3o atrapalham viagens internacionais; veja roteiros"},"content":{"rendered":"\n<p>Apesar de se queixar de dores no quadril, o presidente Luiz In\u00e1cio Lula da Silva (PT) vai realizar diversas viagens, nacionais e internacionais, no m\u00eas de agosto. O roteiro inclui regi\u00f5es brasileiras como Norte e Sudeste, al\u00e9m de pa\u00edses como \u00c1frica do Sul e Angola. O petista tem artrose na cabe\u00e7a do f\u00eamur, que \u00e9 o desgaste na cartilagem que reveste as articula\u00e7\u00f5es, e a cirurgia para corrigir o problema deve ser feita em outubro.<\/p>\n\n\n\n<p>De acordo com a agenda oficial, a primeira viagem de Lula neste m\u00eas deve ser a Parintins (AM), na pr\u00f3xima sexta-feira (4). O presidente vai participar da inaugura\u00e7\u00e3o do Linh\u00e3o, que conecta Roraima ao Sistema Interligado Nacional. O estado era o \u00fanico que n\u00e3o estava conectado e, desde 2001, era abastecido por energia el\u00e9trica produzida na Venezuela.<\/p>\n\n\n\n<p>Em Santar\u00e9m (PA), Lula vai participar na pr\u00f3xima segunda-feira (7) da inaugura\u00e7\u00e3o da Infovia 1 e de uma visita ao Navio Hospital Escola Abar\u00e9. A primeira medida faz parte do Norte Conectado, programa cuja finalidade \u00e9 a expans\u00e3o da infraestrutura de comunica\u00e7\u00f5es na regi\u00e3o amaz\u00f4nica, por meio da implanta\u00e7\u00e3o de cabos de fibra \u00f3ptica subfluvial.<\/p>\n\n\n\n<p>Nos dois dias seguintes, 8 e 9, Lula vai participar da C\u00fapula da Amaz\u00f4nia, em Bel\u00e9m (PA). A agenda vai reunir chefes de estado dos oito pa\u00edses que integram a Organiza\u00e7\u00e3o do Tratado de Coopera\u00e7\u00e3o Amaz\u00f4nica (OTCA): Bol\u00edvia, Brasil, Col\u00f4mbia, Equador, Guiana, Peru, Suriname e Venezuela. Foram chamadas tamb\u00e9m as na\u00e7\u00f5es que t\u00eam as maiores florestas tropicais do mundo, como Indon\u00e9sia, Rep\u00fablica Democr\u00e1tica do Congo e Congo Brazzaville. A Fran\u00e7a tamb\u00e9m foi convidada por causa da Guiana Francesa.<\/p>\n\n\n\n<p>Como mostrou o R7, especialistas afirmam que o evento vai servir de &#8216;ensaio&#8217; para a Confer\u00eancia das Na\u00e7\u00f5es Unidas sobre Mudan\u00e7as Clim\u00e1ticas (COP30), que ser\u00e1 realizada no Brasil em setembro de 2025. &#8220;\u00c9 o primeiro esbo\u00e7o preparat\u00f3rio. \u00c9 como se fosse um bal\u00e3o de ensaio. O presidente Lula vai buscar retomar um di\u00e1logo regional entre os pa\u00edses-membros para fortalecer os la\u00e7os entre esses governos e a sociedade civil para defender a sustentabilidade da Amaz\u00f4nia&#8221;, explica o economista e advogado Alessandro Azzoni.<\/p>\n\n\n\n<p>Na sequ\u00eancia, Lula vai ao Rio de Janeiro, no dia 10, para participar de uma cerim\u00f4nia de expans\u00e3o do BRT. Na sexta-feira, dia 11, o presidente vai participar do lan\u00e7amento da nova vers\u00e3o do Programa de Acelera\u00e7\u00e3o do Crescimento (PAC). Havia expectativa do governo de lan\u00e7ar o projeto com nova roupagem no primeiro semestre do ano, mas foi adiado por diversas raz\u00f5es, entre elas a quest\u00e3o or\u00e7ament\u00e1ria e a presen\u00e7a de diversas autoridades da capital federal na agenda.<\/p>\n\n\n\n<p>O novo projeto de obras ser\u00e1 composto de investimentos federais, concess\u00f5es e um incentivo a novos projetos de parceria p\u00fablico-privada (PPP). O programa foi lan\u00e7ado por Lula em 2007. De acordo com o painel informativo do Tribunal de Contas da Uni\u00e3o (TCU), o total de obras relativas ao PAC \u00e9 de 5.794. Destas, 2.760 est\u00e3o paralisadas \u2014 o equivalente a 47,62%.<\/p>\n\n\n\n<p>O ministro da Casa Civil, Rui Costa, afirmou ao JR Entrevista que o governo vai criar, dentro do novo PAC, um fundo verde para captar recursos internacionais e financiar a descarboniza\u00e7\u00e3o da economia. Um dos objetivos \u00e9 acelerar a substitui\u00e7\u00e3o da frota de ve\u00edculos movidos a diesel por ve\u00edculos el\u00e9tricos e investir na produ\u00e7\u00e3o de hidrog\u00eanio verde.<\/p>\n\n\n\n<h4 class=\"wp-block-heading\">Viagens internacionais<\/h4>\n\n\n\n<p>Ainda em agosto, Lula pretende fazer um giro pelo continente africano. O presidente vai participar, entre 22 a 24, da C\u00fapula dos Brics, grupo formado por Brasil, R\u00fassia, \u00cdndia, China e \u00c1frica do Sul, em Joanesburgo.<\/p>\n\n\n\n<p>O l\u00edder russo Vladimir Putin n\u00e3o vai comparecer presencialmente ao evento, mas deve falar com os demais chefes de estado via v\u00eddeo. A justificativa para a futura aus\u00eancia de Putin \u00e9 o mandado de captura emitido pelo Tribunal Penal Internacional (TPI) contra ele por supostos crimes de guerra na Ucr\u00e2nia. Como estado-membro, a \u00c1frica do Sul \u00e9 obrigada a cooperar na deten\u00e7\u00e3o do russo.<\/p>\n\n\n\n<p>Lula tamb\u00e9m avalia visitar oficialmente Angola e S\u00e3o Tom\u00e9 e Pr\u00edncipe. O Minist\u00e9rio das Rela\u00e7\u00f5es Exteriores negocia poss\u00edveis reuni\u00f5es bilaterais. Sendo assim, essa seria a segunda viagem do presidente ao continente africano. A primeira ocorreu no fim de julho, quando o petista passou em Cabo Verde para fazer escala. Durante a agenda, causou pol\u00eamica ao falar sobre a escravid\u00e3o.<\/p>\n\n\n\n<p>&#8220;Eu quero recuperar essa rela\u00e7\u00e3o com o continente africano, porque n\u00f3s somos formados pelo povo africano, nossa cultura, nossa cor e nosso tamanho. \u00c9 resultado da miscigena\u00e7\u00e3o entre \u00edndios, negros e europeus. Temos uma profunda gratid\u00e3o ao continente africano por tudo o que foi produzido durante 350 anos de escravid\u00e3o no nosso pa\u00eds&#8221;, afirmou Lula na ocasi\u00e3o.<\/p>\n\n\n\n<h4 class=\"wp-block-heading\">Cirurgia<\/h4>\n\n\n\n<p>Lula foi submetido a um procedimento de infiltra\u00e7\u00e3o no quadril direito no dia 26 de julho, no Hospital S\u00edrio-Liban\u00eas, em Bras\u00edlia. O Pal\u00e1cio do Planalto informou que a medida foi realizada sem intercorr\u00eancias e serviu para dar al\u00edvio da dor cr\u00f4nica at\u00e9 a realiza\u00e7\u00e3o de uma cirurgia de artroplastia de quadril.<\/p>\n\n\n\n<p>O presidente da Rep\u00fablica tem artrose na cabe\u00e7a do f\u00eamur, que \u00e9 o desgaste na cartilagem que reveste as articula\u00e7\u00f5es, e vem se queixando de dores com mais frequ\u00eancia nos \u00faltimos meses. A previs\u00e3o \u00e9 de que o petista passe por uma cirurgia no m\u00eas de outubro. &#8220;Quero fazer a cirurgia porque n\u00e3o quero ficar com dor. Ningu\u00e9m consegue trabalhar com dor o dia inteiro. Ent\u00e3o, eu sinto que, \u00e0s vezes, estou de mau humor com meus companheiros&#8221;, disse Lula.<\/p>\n\n\n\n<p><em>FONTE: terrabrasilnoticias.com<\/em><\/p>\n","protected":false},"excerpt":{"rendered":"<p>Apesar de se queixar de dores no quadril, o presidente Luiz In\u00e1cio Lula da Silva (PT) vai realizar diversas viagens,<\/p>\n","protected":false},"author":1,"featured_media":2281,"comment_status":"open","ping_status":"open","sticky":false,"template":"","format":"standard","meta":{"footnotes":""},"categories":[2],"tags":[],"class_list":["post-2280","post","type-post","status-publish","format-standard","has-post-thumbnail","hentry","category-noticias"],"_links":{"self":[{"href":"https:\/\/jornaloalvorada.com.br\/site\/wp-json\/wp\/v2\/posts\/2280","targetHints":{"allow":["GET"]}}],"collection":[{"href":"https:\/\/jornaloalvorada.com.br\/site\/wp-json\/wp\/v2\/posts"}],"about":[{"href":"https:\/\/jornaloalvorada.com.br\/site\/wp-json\/wp\/v2\/types\/post"}],"author":[{"embeddable":true,"href":"https:\/\/jornaloalvorada.com.br\/site\/wp-json\/wp\/v2\/users\/1"}],"replies":[{"embeddable":true,"href":"https:\/\/jornaloalvorada.com.br\/site\/wp-json\/wp\/v2\/comments?post=2280"}],"version-history":[{"count":1,"href":"https:\/\/jornaloalvorada.com.br\/site\/wp-json\/wp\/v2\/posts\/2280\/revisions"}],"predecessor-version":[{"id":2282,"href":"https:\/\/jornaloalvorada.com.br\/site\/wp-json\/wp\/v2\/posts\/2280\/revisions\/2282"}],"wp:featuredmedia":[{"embeddable":true,"href":"https:\/\/jornaloalvorada.com.br\/site\/wp-json\/wp\/v2\/media\/2281"}],"wp:attachment":[{"href":"https:\/\/jornaloalvorada.com.br\/site\/wp-json\/wp\/v2\/media?parent=2280"}],"wp:term":[{"taxonomy":"category","embeddable":true,"href":"https:\/\/jornaloalvorada.com.br\/site\/wp-json\/wp\/v2\/categories?post=2280"},{"taxonomy":"post_tag","embeddable":true,"href":"https:\/\/jornaloalvorada.com.br\/site\/wp-json\/wp\/v2\/tags?post=2280"}],"curies":[{"name":"wp","href":"https:\/\/api.w.org\/{rel}","templated":true}]}}