{"id":2277,"date":"2023-08-01T13:34:27","date_gmt":"2023-08-01T17:34:27","guid":{"rendered":"https:\/\/jornaloalvorada.com.br\/site\/?p=2277"},"modified":"2023-08-01T13:34:28","modified_gmt":"2023-08-01T17:34:28","slug":"extra-tbn-uma-das-maiores-empresas-do-brasil-anuncia-encerramento-das-atividades-e-demissoes-em-massa","status":"publish","type":"post","link":"https:\/\/jornaloalvorada.com.br\/site\/2023\/08\/01\/extra-tbn-uma-das-maiores-empresas-do-brasil-anuncia-encerramento-das-atividades-e-demissoes-em-massa\/","title":{"rendered":"Extra TBN: uma das maiores empresas do Brasil anuncia encerramento das atividades e demiss\u00f5es em massa"},"content":{"rendered":"\n<p>A empresa Languiru, sediada em Teut\u00f4nia (RS), confirmou o encerramento das atividades de suinocultura e bovinocultura de corte como parte de uma reestrutura\u00e7\u00e3o. A cooperativa, uma das principais do Brasil, enfrenta uma s\u00e9ria crise econ\u00f4mica.<\/p>\n\n\n\n<p>Apesar de ter registrado um faturamento de R$ 2,76 bilh\u00f5es no ano passado, a empresa encerrou o per\u00edodo com um preju\u00edzo de R$ 123 milh\u00f5es e uma d\u00edvida l\u00edquida de R$ 780 milh\u00f5es.<\/p>\n\n\n\n<p>Al\u00e9m do encerramento das atividades mencionadas, a empresa tamb\u00e9m iniciar\u00e1 negocia\u00e7\u00f5es para a venda de sua rede de varejo, o que resultar\u00e1 em demiss\u00f5es em massa.<\/p>\n\n\n\n<p>O vice-presidente da cooperativa, F\u00e1bio Secchi, afirmou que, caso haja interesse de alguma empresa no neg\u00f3cio, os funcion\u00e1rios ter\u00e3o a oportunidade de continuar trabalhando para a nova organiza\u00e7\u00e3o, com o objetivo de preservar ao menos a cadeia av\u00edcola. Al\u00e9m disso, est\u00e1 prevista a negocia\u00e7\u00e3o de um dos frigor\u00edficos localizados em Teut\u00f4nia, RS.<\/p>\n\n\n\n<p>Para agravar ainda mais a situa\u00e7\u00e3o, a Languiru informou que a venda ou encerramento de suas unidades de agrocenter, supermercados, farm\u00e1cias e postos de combust\u00edvel tamb\u00e9m fazem parte do plano de reestrutura\u00e7\u00e3o.<\/p>\n\n\n\n<p><em>FONTE: terrabrasilnoticias.com<\/em><\/p>\n","protected":false},"excerpt":{"rendered":"<p>A empresa Languiru, sediada em Teut\u00f4nia (RS), confirmou o encerramento das atividades de suinocultura e bovinocultura de corte como parte<\/p>\n","protected":false},"author":1,"featured_media":2278,"comment_status":"open","ping_status":"open","sticky":false,"template":"","format":"standard","meta":{"footnotes":""},"categories":[2],"tags":[],"class_list":["post-2277","post","type-post","status-publish","format-standard","has-post-thumbnail","hentry","category-noticias"],"_links":{"self":[{"href":"https:\/\/jornaloalvorada.com.br\/site\/wp-json\/wp\/v2\/posts\/2277","targetHints":{"allow":["GET"]}}],"collection":[{"href":"https:\/\/jornaloalvorada.com.br\/site\/wp-json\/wp\/v2\/posts"}],"about":[{"href":"https:\/\/jornaloalvorada.com.br\/site\/wp-json\/wp\/v2\/types\/post"}],"author":[{"embeddable":true,"href":"https:\/\/jornaloalvorada.com.br\/site\/wp-json\/wp\/v2\/users\/1"}],"replies":[{"embeddable":true,"href":"https:\/\/jornaloalvorada.com.br\/site\/wp-json\/wp\/v2\/comments?post=2277"}],"version-history":[{"count":1,"href":"https:\/\/jornaloalvorada.com.br\/site\/wp-json\/wp\/v2\/posts\/2277\/revisions"}],"predecessor-version":[{"id":2279,"href":"https:\/\/jornaloalvorada.com.br\/site\/wp-json\/wp\/v2\/posts\/2277\/revisions\/2279"}],"wp:featuredmedia":[{"embeddable":true,"href":"https:\/\/jornaloalvorada.com.br\/site\/wp-json\/wp\/v2\/media\/2278"}],"wp:attachment":[{"href":"https:\/\/jornaloalvorada.com.br\/site\/wp-json\/wp\/v2\/media?parent=2277"}],"wp:term":[{"taxonomy":"category","embeddable":true,"href":"https:\/\/jornaloalvorada.com.br\/site\/wp-json\/wp\/v2\/categories?post=2277"},{"taxonomy":"post_tag","embeddable":true,"href":"https:\/\/jornaloalvorada.com.br\/site\/wp-json\/wp\/v2\/tags?post=2277"}],"curies":[{"name":"wp","href":"https:\/\/api.w.org\/{rel}","templated":true}]}}