{"id":2271,"date":"2023-08-01T13:25:04","date_gmt":"2023-08-01T17:25:04","guid":{"rendered":"https:\/\/jornaloalvorada.com.br\/site\/?p=2271"},"modified":"2023-08-01T13:25:06","modified_gmt":"2023-08-01T17:25:06","slug":"pf-confisca-armas-dinheiro-e-prende-traficante-paulista-escondido-ha-15-anos-na-fronteira","status":"publish","type":"post","link":"https:\/\/jornaloalvorada.com.br\/site\/2023\/08\/01\/pf-confisca-armas-dinheiro-e-prende-traficante-paulista-escondido-ha-15-anos-na-fronteira\/","title":{"rendered":"PF confisca armas, dinheiro e prende traficante paulista escondido h\u00e1 15 anos na fronteira"},"content":{"rendered":"\n<p>A Pol\u00edcia Federal deflagrou, nesta segunda-feira (31), a Opera\u00e7\u00e3o Ipor\u00e3 para desarticular uma organiza\u00e7\u00e3o criminosa especializada no tr\u00e1fico de drogas e na lavagem de dinheiro em Ponta Por\u00e3. Na a\u00e7\u00e3o, foi preso um traficante de S\u00e3o Paulo que estava escondido h\u00e1 quase 15 anos na fronteira de Mato Grosso do Sul, ap\u00f3s ser condenado a 10 anos de pris\u00e3o por tr\u00e1fico.<\/p>\n\n\n\n<p>A PF cumpriu 11 mandados de busca e apreens\u00e3o em MS e um na cidade de Pinhalziho (SP), al\u00e9m de implantar monitoramento por tornozeleira eletr\u00f4nica de seis investigados. At\u00e9 o momento, foram apreendidos R$ 15 mil em esp\u00e9cie, duas armas, muni\u00e7\u00f5es, documentos e celulares.<\/p>\n\n\n\n<p>A Justi\u00e7a tamb\u00e9m determinou a apreens\u00e3o de 16 ve\u00edculos e 6 im\u00f3veis, o bloqueio dos valores dispon\u00edveis em 11 contas banc\u00e1rias de pessoas f\u00edsicas e jur\u00eddicas e a suspens\u00e3o da atividade empresarial de quatro pessoas jur\u00eddicas usadas para lavar dinheiro do tr\u00e1fico.\u00a0<\/p>\n\n\n\n<p>Ainda no bojo da Opera\u00e7\u00e3o Ipor\u00e3, foi cumprido mandado de pris\u00e3o contra um dos investigados, foragido da justi\u00e7a paulista, membro de fac\u00e7\u00e3o criminosa, evadido do sistema prisional e condenado a mais de dez anos por tr\u00e1fico de drogas, que estava escondido em Ponta Por\u00e3 h\u00e1 quase quinze anos, usando documentos falsos.&nbsp;<\/p>\n\n\n\n<p>O nome da opera\u00e7\u00e3o faz alus\u00e3o a palavra \u201cbonitinho\u201d no idioma Guarani e tem rela\u00e7\u00e3o com o apelido de um dos l\u00edderes do grupo criminoso investigado, que n\u00e3o teve o nome revelado.<\/p>\n\n\n\n<p><strong><em>Fonte: O Jacar\u00e9<\/em><\/strong><\/p>\n","protected":false},"excerpt":{"rendered":"<p>A Pol\u00edcia Federal deflagrou, nesta segunda-feira (31), a Opera\u00e7\u00e3o Ipor\u00e3 para desarticular uma organiza\u00e7\u00e3o criminosa especializada no tr\u00e1fico de drogas<\/p>\n","protected":false},"author":1,"featured_media":2272,"comment_status":"open","ping_status":"open","sticky":false,"template":"","format":"standard","meta":{"footnotes":""},"categories":[2],"tags":[],"class_list":["post-2271","post","type-post","status-publish","format-standard","has-post-thumbnail","hentry","category-noticias"],"_links":{"self":[{"href":"https:\/\/jornaloalvorada.com.br\/site\/wp-json\/wp\/v2\/posts\/2271","targetHints":{"allow":["GET"]}}],"collection":[{"href":"https:\/\/jornaloalvorada.com.br\/site\/wp-json\/wp\/v2\/posts"}],"about":[{"href":"https:\/\/jornaloalvorada.com.br\/site\/wp-json\/wp\/v2\/types\/post"}],"author":[{"embeddable":true,"href":"https:\/\/jornaloalvorada.com.br\/site\/wp-json\/wp\/v2\/users\/1"}],"replies":[{"embeddable":true,"href":"https:\/\/jornaloalvorada.com.br\/site\/wp-json\/wp\/v2\/comments?post=2271"}],"version-history":[{"count":1,"href":"https:\/\/jornaloalvorada.com.br\/site\/wp-json\/wp\/v2\/posts\/2271\/revisions"}],"predecessor-version":[{"id":2273,"href":"https:\/\/jornaloalvorada.com.br\/site\/wp-json\/wp\/v2\/posts\/2271\/revisions\/2273"}],"wp:featuredmedia":[{"embeddable":true,"href":"https:\/\/jornaloalvorada.com.br\/site\/wp-json\/wp\/v2\/media\/2272"}],"wp:attachment":[{"href":"https:\/\/jornaloalvorada.com.br\/site\/wp-json\/wp\/v2\/media?parent=2271"}],"wp:term":[{"taxonomy":"category","embeddable":true,"href":"https:\/\/jornaloalvorada.com.br\/site\/wp-json\/wp\/v2\/categories?post=2271"},{"taxonomy":"post_tag","embeddable":true,"href":"https:\/\/jornaloalvorada.com.br\/site\/wp-json\/wp\/v2\/tags?post=2271"}],"curies":[{"name":"wp","href":"https:\/\/api.w.org\/{rel}","templated":true}]}}