{"id":2265,"date":"2023-07-28T09:09:13","date_gmt":"2023-07-28T13:09:13","guid":{"rendered":"https:\/\/jornaloalvorada.com.br\/site\/?p=2265"},"modified":"2023-07-28T09:09:15","modified_gmt":"2023-07-28T13:09:15","slug":"previsao-e-de-tempo-quente-e-seco-nesta-sexta-feira-em-mato-grosso-do-sul","status":"publish","type":"post","link":"https:\/\/jornaloalvorada.com.br\/site\/2023\/07\/28\/previsao-e-de-tempo-quente-e-seco-nesta-sexta-feira-em-mato-grosso-do-sul\/","title":{"rendered":"Previs\u00e3o \u00e9 de tempo quente e seco nesta sexta-feira em Mato Grosso do Sul"},"content":{"rendered":"\n<p>A previs\u00e3o para a sexta-feira (28) \u00e9 de tempo est\u00e1vel, com sol e varia\u00e7\u00e3o de nebulosidade devido ao avan\u00e7o da alta press\u00e3o p\u00f3s-frontal que favorece o clima quente e seco. Pancadas de chuvas bem isoladas n\u00e3o est\u00e3o descartadas na regi\u00e3o sul do Estado, por causa da atua\u00e7\u00e3o de uma frente fria.<\/p>\n\n\n\n<p>De acordo com o Cemtec (Centro de Monitoramento do Tempo e do Clima), em Campo Grande, a m\u00ednima ser\u00e1 de 20\u00b0C e a m\u00e1xima de 32\u00b0C. Em Dourados, 18\u00b0C pela manh\u00e3 e 29\u00baC pela tarde. No leste do Estado, em Anauril\u00e2ndia, os term\u00f4metros marcam 19\u00b0C inicialmente e podem subir at\u00e9 os 31\u00baC. No sul, onde h\u00e1 possibilidade de pancadas de chuvas isoladas, em Ponta Por\u00e3 ter\u00e1 18\u00b0C cedo e 25\u00b0C durante a tarde.<\/p>\n\n\n\n<p>No Pantanal, m\u00ednima de 22\u00b0C em Corumb\u00e1 e m\u00e1xima de 29\u00b0C; Aquidauana ter\u00e1 varia\u00e7\u00e3o entre 20\u00b0C e 33\u00b0C. Na regi\u00e3o sudoeste, Porto Murtinho amanhece com 19\u00b0C e chega aos 26\u00b0C ao longo do dia. No norte, em Coxim espera-se a m\u00e1xima mais alta do Estado podendo atingir os 35\u00b0C. No Bols\u00e3o, Tr\u00eas Lagoas ter\u00e1 17\u00b0C pela manh\u00e3 e 33\u00b0C de tarde.<\/p>\n\n\n\n<figure class=\"wp-block-image\"><a href=\"https:\/\/agenciadenoticias.ms.gov.br\/wp-content\/uploads\/2023\/07\/tempo-2807.jpg\"><img decoding=\"async\" src=\"https:\/\/agenciadenoticias.ms.gov.br\/wp-content\/uploads\/2023\/07\/tempo-2807.jpg\" alt=\"\" class=\"wp-image-444231\"\/><\/a><\/figure>\n\n\n\n<p><em>Jo\u00e3o Pedro Flores, Programa Est\u00e1gio Supervisionado<\/em><br><em>Foto: Bruno Rezende\/Arquivo<\/em><\/p>\n","protected":false},"excerpt":{"rendered":"<p>A previs\u00e3o para a sexta-feira (28) \u00e9 de tempo est\u00e1vel, com sol e varia\u00e7\u00e3o de nebulosidade devido ao avan\u00e7o da<\/p>\n","protected":false},"author":1,"featured_media":2111,"comment_status":"open","ping_status":"open","sticky":false,"template":"","format":"standard","meta":{"footnotes":""},"categories":[2],"tags":[],"class_list":["post-2265","post","type-post","status-publish","format-standard","has-post-thumbnail","hentry","category-noticias"],"_links":{"self":[{"href":"https:\/\/jornaloalvorada.com.br\/site\/wp-json\/wp\/v2\/posts\/2265","targetHints":{"allow":["GET"]}}],"collection":[{"href":"https:\/\/jornaloalvorada.com.br\/site\/wp-json\/wp\/v2\/posts"}],"about":[{"href":"https:\/\/jornaloalvorada.com.br\/site\/wp-json\/wp\/v2\/types\/post"}],"author":[{"embeddable":true,"href":"https:\/\/jornaloalvorada.com.br\/site\/wp-json\/wp\/v2\/users\/1"}],"replies":[{"embeddable":true,"href":"https:\/\/jornaloalvorada.com.br\/site\/wp-json\/wp\/v2\/comments?post=2265"}],"version-history":[{"count":1,"href":"https:\/\/jornaloalvorada.com.br\/site\/wp-json\/wp\/v2\/posts\/2265\/revisions"}],"predecessor-version":[{"id":2266,"href":"https:\/\/jornaloalvorada.com.br\/site\/wp-json\/wp\/v2\/posts\/2265\/revisions\/2266"}],"wp:featuredmedia":[{"embeddable":true,"href":"https:\/\/jornaloalvorada.com.br\/site\/wp-json\/wp\/v2\/media\/2111"}],"wp:attachment":[{"href":"https:\/\/jornaloalvorada.com.br\/site\/wp-json\/wp\/v2\/media?parent=2265"}],"wp:term":[{"taxonomy":"category","embeddable":true,"href":"https:\/\/jornaloalvorada.com.br\/site\/wp-json\/wp\/v2\/categories?post=2265"},{"taxonomy":"post_tag","embeddable":true,"href":"https:\/\/jornaloalvorada.com.br\/site\/wp-json\/wp\/v2\/tags?post=2265"}],"curies":[{"name":"wp","href":"https:\/\/api.w.org\/{rel}","templated":true}]}}