{"id":2262,"date":"2023-07-27T13:04:59","date_gmt":"2023-07-27T17:04:59","guid":{"rendered":"https:\/\/jornaloalvorada.com.br\/site\/?p=2262"},"modified":"2023-07-27T13:05:02","modified_gmt":"2023-07-27T17:05:02","slug":"corpo-clinico-do-hospital-francisca-ortega-recebe-treinamento-de-reanimacao-de-recem-nascidos-na-ufms","status":"publish","type":"post","link":"https:\/\/jornaloalvorada.com.br\/site\/2023\/07\/27\/corpo-clinico-do-hospital-francisca-ortega-recebe-treinamento-de-reanimacao-de-recem-nascidos-na-ufms\/","title":{"rendered":"Corpo Cl\u00ednico do Hospital Francisca Ortega recebe treinamento de Reanima\u00e7\u00e3o de Rec\u00e9m-Nascidos na UFMS"},"content":{"rendered":"\n<p>Nesta quarta-feira, 27 de julho, o corpo cl\u00ednico do Hospital Municipal Francisca Ortega, composto por m\u00e9dicos, enfermeiros e t\u00e9cnicos, participaram de um importante treinamento de Reanima\u00e7\u00e3o de Rec\u00e9m-Nascidos na Universidade Federal de Mato Grosso do Sul (UFMS), em Campo Grande.<\/p>\n\n\n\n<p>O curso, promovido em parceria com a Sociedade Brasileira de Pediatria, teve como objetivo aperfei\u00e7oar os profissionais da sa\u00fade do hospital em t\u00e9cnicas avan\u00e7adas de reanima\u00e7\u00e3o neonatal. A reanima\u00e7\u00e3o de rec\u00e9m-nascidos \u00e9 uma interven\u00e7\u00e3o essencial para salvar vidas em situa\u00e7\u00f5es emergenciais, e o treinamento proporcionou aos participantes a oportunidade de aprimorar suas habilidades e conhecimentos nessa \u00e1rea crucial da medicina.<\/p>\n\n\n\n<p>Durante a capacita\u00e7\u00e3o, foram abordados temas como identifica\u00e7\u00e3o de sinais de sofrimento fetal, manejo adequado das vias a\u00e9reas, utiliza\u00e7\u00e3o de equipamentos espec\u00edficos, procedimentos de massagem card\u00edaca e ventila\u00e7\u00e3o pulmonar, entre outros aspectos essenciais para garantir uma reanima\u00e7\u00e3o bem-sucedida.<\/p>\n\n\n\n<p>O prefeito Jos\u00e9 Paulo Paleari ressaltou a import\u00e2ncia desse treinamento e parabenizou toda a equipe do hospital pela busca constante pela excel\u00eancia no cuidado com a sa\u00fade dos mun\u00edcipes: &#8220;Investir na capacita\u00e7\u00e3o dos nossos profissionais \u00e9 fundamental para oferecermos um atendimento de qualidade e, consequentemente, contribuirmos para o bem-estar da nossa popula\u00e7\u00e3o. Estamos orgulhosos de contar com uma equipe t\u00e3o dedicada e comprometida.&#8221;<\/p>\n\n\n\n<p>A administra\u00e7\u00e3o Municipal vai seguir investindo em capacita\u00e7\u00e3o e qualifica\u00e7\u00e3o de seus profissionais, buscando sempre aprimorar os servi\u00e7os prestados \u00e0 popula\u00e7\u00e3o de Nova Alvorada do Sul.<\/p>\n","protected":false},"excerpt":{"rendered":"<p>Nesta quarta-feira, 27 de julho, o corpo cl\u00ednico do Hospital Municipal Francisca Ortega, composto por m\u00e9dicos, enfermeiros e t\u00e9cnicos, participaram<\/p>\n","protected":false},"author":1,"featured_media":2263,"comment_status":"open","ping_status":"open","sticky":false,"template":"","format":"standard","meta":{"footnotes":""},"categories":[2],"tags":[],"class_list":["post-2262","post","type-post","status-publish","format-standard","has-post-thumbnail","hentry","category-noticias"],"_links":{"self":[{"href":"https:\/\/jornaloalvorada.com.br\/site\/wp-json\/wp\/v2\/posts\/2262","targetHints":{"allow":["GET"]}}],"collection":[{"href":"https:\/\/jornaloalvorada.com.br\/site\/wp-json\/wp\/v2\/posts"}],"about":[{"href":"https:\/\/jornaloalvorada.com.br\/site\/wp-json\/wp\/v2\/types\/post"}],"author":[{"embeddable":true,"href":"https:\/\/jornaloalvorada.com.br\/site\/wp-json\/wp\/v2\/users\/1"}],"replies":[{"embeddable":true,"href":"https:\/\/jornaloalvorada.com.br\/site\/wp-json\/wp\/v2\/comments?post=2262"}],"version-history":[{"count":1,"href":"https:\/\/jornaloalvorada.com.br\/site\/wp-json\/wp\/v2\/posts\/2262\/revisions"}],"predecessor-version":[{"id":2264,"href":"https:\/\/jornaloalvorada.com.br\/site\/wp-json\/wp\/v2\/posts\/2262\/revisions\/2264"}],"wp:featuredmedia":[{"embeddable":true,"href":"https:\/\/jornaloalvorada.com.br\/site\/wp-json\/wp\/v2\/media\/2263"}],"wp:attachment":[{"href":"https:\/\/jornaloalvorada.com.br\/site\/wp-json\/wp\/v2\/media?parent=2262"}],"wp:term":[{"taxonomy":"category","embeddable":true,"href":"https:\/\/jornaloalvorada.com.br\/site\/wp-json\/wp\/v2\/categories?post=2262"},{"taxonomy":"post_tag","embeddable":true,"href":"https:\/\/jornaloalvorada.com.br\/site\/wp-json\/wp\/v2\/tags?post=2262"}],"curies":[{"name":"wp","href":"https:\/\/api.w.org\/{rel}","templated":true}]}}