{"id":2257,"date":"2023-07-27T12:58:52","date_gmt":"2023-07-27T16:58:52","guid":{"rendered":"https:\/\/jornaloalvorada.com.br\/site\/?p=2257"},"modified":"2023-07-27T12:58:54","modified_gmt":"2023-07-27T16:58:54","slug":"medico-comenta-sobre-os-riscos-da-cirurgia-que-lula-ira-fazer","status":"publish","type":"post","link":"https:\/\/jornaloalvorada.com.br\/site\/2023\/07\/27\/medico-comenta-sobre-os-riscos-da-cirurgia-que-lula-ira-fazer\/","title":{"rendered":"M\u00e9dico comenta sobre os riscos da cirurgia que Lula ir\u00e1 fazer"},"content":{"rendered":"\n<p>O m\u00e9dico Roberto Kalil Filho afirmou, em entrevista \u00e0 CNN nesta quinta-feira (27), que a cirurgia a qual o presidente Luiz In\u00e1cio Lula da Silva (PT) deve se submeter em outubro \u00e9 segura, resolve o problema em seu f\u00eamur e tem p\u00f3s-operat\u00f3rio \u201ctranquilo\u201d.<\/p>\n\n\n\n<p>\u201cA cirurgia \u00e9 segura e resolve o problema definitivamente. Esses procedimentos que foram realizados foram no sentido de minimizar e dar conforto ao presidente. Em rela\u00e7\u00e3o \u00e0 cirurgia, \u00e9 um p\u00f3s-operat\u00f3rio em que o paciente em poucos dias j\u00e1 se locomove. \u00c9 um p\u00f3s-operat\u00f3rio tranquilo\u201d, disse Kalil.<\/p>\n\n\n\n<p>Durante o bate-papo semanal Conversa com o Presidente na ter\u00e7a-feira (25), Lula declarou que deve passar pela cirurgia na cabe\u00e7a do f\u00eamur em outubro. Segundo o presidente, o procedimento seria para se livrar de uma dor cr\u00f4nica que o incomoda h\u00e1 muito tempo.<\/p>\n\n\n\n<p>\u201cEu t\u00f4 como jogador de bola que n\u00e3o quer dizer para o t\u00e9cnico que est\u00e1 com dor para n\u00e3o ir para o banco. Eu tenho um problema na cabe\u00e7a do f\u00eamur. Faz tempo que eu tenho isso (\u2026) Eu quero fazer a cirurgia, porque eu n\u00e3o quero ficar com dor. Ningu\u00e9m consegue trabalhar com dor o dia inteiro\u201d, disse Lula.<\/p>\n\n\n\n<p>\u201cEu sinto que estou com mau-humor com os companheiros. Quando eu coloco o p\u00e9 no ch\u00e3o j\u00e1 d\u00f3i e eu tenho que falar \u2018bom dia\u2019 e \u00e0s vezes eu n\u00e3o consigo. \u00c0s vezes fica vis\u00edvel no meu rosto que eu estou irritado, que eu estou nervoso. Voc\u00ea vai ficando uma pessoa, chata, inc\u00f4moda. Ent\u00e3o, eu t\u00f4 chegando a conclus\u00e3o que eu tenho que operar\u201d, acrescentou.<\/p>\n\n\n\n<p><strong><em>FONTE: terrabrasilnoticias.com<\/em><\/strong><\/p>\n","protected":false},"excerpt":{"rendered":"<p>O m\u00e9dico Roberto Kalil Filho afirmou, em entrevista \u00e0 CNN nesta quinta-feira (27), que a cirurgia a qual o presidente<\/p>\n","protected":false},"author":1,"featured_media":1662,"comment_status":"open","ping_status":"open","sticky":false,"template":"","format":"standard","meta":{"footnotes":""},"categories":[2],"tags":[],"class_list":["post-2257","post","type-post","status-publish","format-standard","has-post-thumbnail","hentry","category-noticias"],"_links":{"self":[{"href":"https:\/\/jornaloalvorada.com.br\/site\/wp-json\/wp\/v2\/posts\/2257","targetHints":{"allow":["GET"]}}],"collection":[{"href":"https:\/\/jornaloalvorada.com.br\/site\/wp-json\/wp\/v2\/posts"}],"about":[{"href":"https:\/\/jornaloalvorada.com.br\/site\/wp-json\/wp\/v2\/types\/post"}],"author":[{"embeddable":true,"href":"https:\/\/jornaloalvorada.com.br\/site\/wp-json\/wp\/v2\/users\/1"}],"replies":[{"embeddable":true,"href":"https:\/\/jornaloalvorada.com.br\/site\/wp-json\/wp\/v2\/comments?post=2257"}],"version-history":[{"count":1,"href":"https:\/\/jornaloalvorada.com.br\/site\/wp-json\/wp\/v2\/posts\/2257\/revisions"}],"predecessor-version":[{"id":2258,"href":"https:\/\/jornaloalvorada.com.br\/site\/wp-json\/wp\/v2\/posts\/2257\/revisions\/2258"}],"wp:featuredmedia":[{"embeddable":true,"href":"https:\/\/jornaloalvorada.com.br\/site\/wp-json\/wp\/v2\/media\/1662"}],"wp:attachment":[{"href":"https:\/\/jornaloalvorada.com.br\/site\/wp-json\/wp\/v2\/media?parent=2257"}],"wp:term":[{"taxonomy":"category","embeddable":true,"href":"https:\/\/jornaloalvorada.com.br\/site\/wp-json\/wp\/v2\/categories?post=2257"},{"taxonomy":"post_tag","embeddable":true,"href":"https:\/\/jornaloalvorada.com.br\/site\/wp-json\/wp\/v2\/tags?post=2257"}],"curies":[{"name":"wp","href":"https:\/\/api.w.org\/{rel}","templated":true}]}}