{"id":2249,"date":"2023-07-25T12:04:34","date_gmt":"2023-07-25T16:04:34","guid":{"rendered":"https:\/\/jornaloalvorada.com.br\/site\/?p=2249"},"modified":"2023-07-25T12:04:35","modified_gmt":"2023-07-25T16:04:35","slug":"batalhao-de-policia-militar-rodoviaria-inicia-operacao-volta-as-aulas-2023","status":"publish","type":"post","link":"https:\/\/jornaloalvorada.com.br\/site\/2023\/07\/25\/batalhao-de-policia-militar-rodoviaria-inicia-operacao-volta-as-aulas-2023\/","title":{"rendered":"Batalh\u00e3o de Pol\u00edcia Militar Rodovi\u00e1ria inicia \u201cOpera\u00e7\u00e3o Volta \u00e0s Aulas 2023\u201d"},"content":{"rendered":"\n<p>A Pol\u00edcia Militar Rodovi\u00e1ria iniciou nas rodovias estaduais de Mato Grosso do Sul a \u201cOpera\u00e7\u00e3o Volta \u00e0s Aulas 2023\u201d.<\/p>\n\n\n\n<p>Com previs\u00e3o de encerramento no dia 4 de agosto, a opera\u00e7\u00e3o tem como foco a fiscaliza\u00e7\u00e3o e combate \u00e0s principais infra\u00e7\u00f5es de tr\u00e2nsito nas rodovias, como dirigir sob o efeito de \u00e1lcool, ultrapassagem em local proibido, excesso de velocidade e conduzir ve\u00edculo automotor sem ser habilitado, entre outras.<\/p>\n\n\n\n<p>Por conta do aumento do fluxo de viajantes e turistas durante o per\u00edodo de recesso escolar, o policiamento ser\u00e1 refor\u00e7ado em todas as regi\u00f5es do Estado, com aten\u00e7\u00e3o redobrada para as rodovias que d\u00e3o acesso a munic\u00edpios e \u00e1reas com maior fluxo tur\u00edstico, como a regi\u00e3o de Bonito, Ponta Por\u00e3 e os distritos de Palmeiras e Piraputanga, entre outros.<\/p>\n\n\n\n<p>Est\u00e3o sendo empregadas 18 viaturas, espalhadas nas 11 bases operacionais do Estado, com cerca de 90 policiais militares empenhados, refor\u00e7ando a fiscaliza\u00e7\u00e3o, buscando prevenir acidentes e preservar a vida das pessoas, aumentando a sensa\u00e7\u00e3o de seguran\u00e7a em nossas rodovias.<\/p>\n\n\n\n<p>A orienta\u00e7\u00e3o da Pol\u00edcia Militar Rodovi\u00e1ria a quem estiverem viajando neste per\u00edodo \u00e9 de conferir as condi\u00e7\u00f5es e os equipamentos de seguran\u00e7a de seu ve\u00edculo, especialmente, pneus, freios e far\u00f3is, realizar o planejamento da viagem com locais de parada para descanso, al\u00e9m de ter uma atitude paciente e respons\u00e1vel na dire\u00e7\u00e3o do ve\u00edculo, sempre respeitando os outros motoristas e as leis de tr\u00e2nsito.<\/p>\n\n\n\n<p><em>PMR<\/em><\/p>\n","protected":false},"excerpt":{"rendered":"<p>A Pol\u00edcia Militar Rodovi\u00e1ria iniciou nas rodovias estaduais de Mato Grosso do Sul a \u201cOpera\u00e7\u00e3o Volta \u00e0s Aulas 2023\u201d. Com<\/p>\n","protected":false},"author":1,"featured_media":2250,"comment_status":"open","ping_status":"open","sticky":false,"template":"","format":"standard","meta":{"footnotes":""},"categories":[2],"tags":[],"class_list":["post-2249","post","type-post","status-publish","format-standard","has-post-thumbnail","hentry","category-noticias"],"_links":{"self":[{"href":"https:\/\/jornaloalvorada.com.br\/site\/wp-json\/wp\/v2\/posts\/2249","targetHints":{"allow":["GET"]}}],"collection":[{"href":"https:\/\/jornaloalvorada.com.br\/site\/wp-json\/wp\/v2\/posts"}],"about":[{"href":"https:\/\/jornaloalvorada.com.br\/site\/wp-json\/wp\/v2\/types\/post"}],"author":[{"embeddable":true,"href":"https:\/\/jornaloalvorada.com.br\/site\/wp-json\/wp\/v2\/users\/1"}],"replies":[{"embeddable":true,"href":"https:\/\/jornaloalvorada.com.br\/site\/wp-json\/wp\/v2\/comments?post=2249"}],"version-history":[{"count":1,"href":"https:\/\/jornaloalvorada.com.br\/site\/wp-json\/wp\/v2\/posts\/2249\/revisions"}],"predecessor-version":[{"id":2251,"href":"https:\/\/jornaloalvorada.com.br\/site\/wp-json\/wp\/v2\/posts\/2249\/revisions\/2251"}],"wp:featuredmedia":[{"embeddable":true,"href":"https:\/\/jornaloalvorada.com.br\/site\/wp-json\/wp\/v2\/media\/2250"}],"wp:attachment":[{"href":"https:\/\/jornaloalvorada.com.br\/site\/wp-json\/wp\/v2\/media?parent=2249"}],"wp:term":[{"taxonomy":"category","embeddable":true,"href":"https:\/\/jornaloalvorada.com.br\/site\/wp-json\/wp\/v2\/categories?post=2249"},{"taxonomy":"post_tag","embeddable":true,"href":"https:\/\/jornaloalvorada.com.br\/site\/wp-json\/wp\/v2\/tags?post=2249"}],"curies":[{"name":"wp","href":"https:\/\/api.w.org\/{rel}","templated":true}]}}