{"id":2206,"date":"2023-07-18T13:10:08","date_gmt":"2023-07-18T17:10:08","guid":{"rendered":"https:\/\/jornaloalvorada.com.br\/site\/?p=2206"},"modified":"2023-07-18T15:02:48","modified_gmt":"2023-07-18T19:02:48","slug":"prefeito-paleari-recebe-convite-de-amigos-para-inauguracao-de-novo-espaco-da-lanchonete-miguel-lanches","status":"publish","type":"post","link":"https:\/\/jornaloalvorada.com.br\/site\/2023\/07\/18\/prefeito-paleari-recebe-convite-de-amigos-para-inauguracao-de-novo-espaco-da-lanchonete-miguel-lanches\/","title":{"rendered":"Prefeito Paleari recebe convite de amigos para inaugura\u00e7\u00e3o de novo espa\u00e7o da Lanchonete Miguel Lanches"},"content":{"rendered":"\n<p>Iniciando esta ter\u00e7a-feira, recebendo a visita do casal de amigos Miguel e Ivonete, que vieram fazer um convite, para participarmos da inaugura\u00e7\u00e3o do novo estabelecimento da Lanchonete Miguel Lanches.<\/p>\n\n\n\n<p>O novo espa\u00e7o do Miguel Lanches, est\u00e1 localizado na avenida Irineu de Souza Ara\u00fajo e ser\u00e1 inaugurado na pr\u00f3xima quinta-feira (20), as 16h30min.<\/p>\n\n\n\n<p>Muito obrigado pelo convite e que Deus continue aben\u00e7oando esta importante empresa em nosso munic\u00edpio.<\/p>\n\n\n\n<figure class=\"wp-block-image size-large\"><img loading=\"lazy\" decoding=\"async\" width=\"819\" height=\"1024\" src=\"https:\/\/jornaloalvorada.com.br\/site\/wp-content\/uploads\/2023\/07\/image-819x1024.png\" alt=\"\" class=\"wp-image-2209\" srcset=\"https:\/\/jornaloalvorada.com.br\/site\/wp-content\/uploads\/2023\/07\/image-819x1024.png 819w, https:\/\/jornaloalvorada.com.br\/site\/wp-content\/uploads\/2023\/07\/image-240x300.png 240w, https:\/\/jornaloalvorada.com.br\/site\/wp-content\/uploads\/2023\/07\/image-768x960.png 768w, https:\/\/jornaloalvorada.com.br\/site\/wp-content\/uploads\/2023\/07\/image.png 1024w\" sizes=\"auto, (max-width: 819px) 100vw, 819px\" \/><\/figure>\n","protected":false},"excerpt":{"rendered":"<p>Iniciando esta ter\u00e7a-feira, recebendo a visita do casal de amigos Miguel e Ivonete, que vieram fazer um convite, para participarmos<\/p>\n","protected":false},"author":1,"featured_media":2207,"comment_status":"open","ping_status":"open","sticky":false,"template":"","format":"standard","meta":{"footnotes":""},"categories":[2],"tags":[],"class_list":["post-2206","post","type-post","status-publish","format-standard","has-post-thumbnail","hentry","category-noticias"],"_links":{"self":[{"href":"https:\/\/jornaloalvorada.com.br\/site\/wp-json\/wp\/v2\/posts\/2206","targetHints":{"allow":["GET"]}}],"collection":[{"href":"https:\/\/jornaloalvorada.com.br\/site\/wp-json\/wp\/v2\/posts"}],"about":[{"href":"https:\/\/jornaloalvorada.com.br\/site\/wp-json\/wp\/v2\/types\/post"}],"author":[{"embeddable":true,"href":"https:\/\/jornaloalvorada.com.br\/site\/wp-json\/wp\/v2\/users\/1"}],"replies":[{"embeddable":true,"href":"https:\/\/jornaloalvorada.com.br\/site\/wp-json\/wp\/v2\/comments?post=2206"}],"version-history":[{"count":2,"href":"https:\/\/jornaloalvorada.com.br\/site\/wp-json\/wp\/v2\/posts\/2206\/revisions"}],"predecessor-version":[{"id":2211,"href":"https:\/\/jornaloalvorada.com.br\/site\/wp-json\/wp\/v2\/posts\/2206\/revisions\/2211"}],"wp:featuredmedia":[{"embeddable":true,"href":"https:\/\/jornaloalvorada.com.br\/site\/wp-json\/wp\/v2\/media\/2207"}],"wp:attachment":[{"href":"https:\/\/jornaloalvorada.com.br\/site\/wp-json\/wp\/v2\/media?parent=2206"}],"wp:term":[{"taxonomy":"category","embeddable":true,"href":"https:\/\/jornaloalvorada.com.br\/site\/wp-json\/wp\/v2\/categories?post=2206"},{"taxonomy":"post_tag","embeddable":true,"href":"https:\/\/jornaloalvorada.com.br\/site\/wp-json\/wp\/v2\/tags?post=2206"}],"curies":[{"name":"wp","href":"https:\/\/api.w.org\/{rel}","templated":true}]}}