{"id":2203,"date":"2023-07-18T12:46:55","date_gmt":"2023-07-18T16:46:55","guid":{"rendered":"https:\/\/jornaloalvorada.com.br\/site\/?p=2203"},"modified":"2023-07-18T12:46:59","modified_gmt":"2023-07-18T16:46:59","slug":"prefeito-paleari-renova-frota-de-maquinarios-com-aquisicao-da-quarta-motoniveladora-para-nova-alvorada-do-sul","status":"publish","type":"post","link":"https:\/\/jornaloalvorada.com.br\/site\/2023\/07\/18\/prefeito-paleari-renova-frota-de-maquinarios-com-aquisicao-da-quarta-motoniveladora-para-nova-alvorada-do-sul\/","title":{"rendered":"Prefeito Paleari renova frota de maquin\u00e1rios com aquisi\u00e7\u00e3o da quarta motoniveladora para Nova Alvorada do Sul"},"content":{"rendered":"\n<p>O Prefeito Jos\u00e9 Paulo Paleari deu mais um passo importante na melhoria da infraestrutura do munic\u00edpio. Nesta segunda-feira (17), foi entregue mais uma nova motoniveladora que ir\u00e1 integrar a frota de maquin\u00e1rios destinados \u00e0 manuten\u00e7\u00e3o e conserva\u00e7\u00e3o das estradas vicinais.<\/p>\n\n\n\n<p>O prefeito Jos\u00e9 Paulo Paleari, juntamente com a Secret\u00e1ria Elismeia Borges e o Secret\u00e1rio Aldorindo Terra, recebeu a quarta patrola em um evento promovido pelo Governo do Estado, onde o Governador Eduardo Riedel fez a entrega oficial. Essa aquisi\u00e7\u00e3o foi poss\u00edvel gra\u00e7as a um conv\u00eanio entre o Estado e o Minist\u00e9rio da Agricultura e Pecu\u00e1ria, utilizando o saldo dispon\u00edvel. Em suas palavras, o Prefeito Paleari afirmou: &#8220;Estamos muito satisfeitos em receber mais esse equipamento do Governador Eduardo Riedel, que ir\u00e1 auxiliar muito na manuten\u00e7\u00e3o de nossas estradas. Com essa nova motoniveladora, poderemos proporcionar melhores condi\u00e7\u00f5es de tr\u00e1fego e facilitar o escoamento da produ\u00e7\u00e3o agr\u00edcola, contribuindo para o desenvolvimento econ\u00f4mico de Nova Alvorada do Sul&#8221; &#8211; finalizou o prefeito<\/p>\n\n\n\n<p>Essa nova motoniveladora \u00e9 parte do programa Prosolo (Plano Estadual de Manejo e Conserva\u00e7\u00e3o de Solo e \u00c1gua), desenvolvido pela Semadesc (Secretaria de Meio Ambiente, Desenvolvimento, Ci\u00eancia, Tecnologia e Inova\u00e7\u00e3o). O objetivo do programa \u00e9 promover a conserva\u00e7\u00e3o do solo e dos recursos h\u00eddricos, contribuindo para a sustentabilidade e o desenvolvimento do munic\u00edpio.<\/p>\n\n\n\n<p>Com a incorpora\u00e7\u00e3o desse novo equipamento \u00e0 frota, a Prefeitura Municipal poder\u00e1 intensificar os trabalhos de manuten\u00e7\u00e3o das estradas vicinais, garantindo melhores condi\u00e7\u00f5es de tr\u00e1fego e facilitando o escoamento da produ\u00e7\u00e3o agr\u00edcola.<\/p>\n","protected":false},"excerpt":{"rendered":"<p>O Prefeito Jos\u00e9 Paulo Paleari deu mais um passo importante na melhoria da infraestrutura do munic\u00edpio. Nesta segunda-feira (17), foi<\/p>\n","protected":false},"author":1,"featured_media":2204,"comment_status":"open","ping_status":"open","sticky":false,"template":"","format":"standard","meta":{"footnotes":""},"categories":[2],"tags":[],"class_list":["post-2203","post","type-post","status-publish","format-standard","has-post-thumbnail","hentry","category-noticias"],"_links":{"self":[{"href":"https:\/\/jornaloalvorada.com.br\/site\/wp-json\/wp\/v2\/posts\/2203","targetHints":{"allow":["GET"]}}],"collection":[{"href":"https:\/\/jornaloalvorada.com.br\/site\/wp-json\/wp\/v2\/posts"}],"about":[{"href":"https:\/\/jornaloalvorada.com.br\/site\/wp-json\/wp\/v2\/types\/post"}],"author":[{"embeddable":true,"href":"https:\/\/jornaloalvorada.com.br\/site\/wp-json\/wp\/v2\/users\/1"}],"replies":[{"embeddable":true,"href":"https:\/\/jornaloalvorada.com.br\/site\/wp-json\/wp\/v2\/comments?post=2203"}],"version-history":[{"count":1,"href":"https:\/\/jornaloalvorada.com.br\/site\/wp-json\/wp\/v2\/posts\/2203\/revisions"}],"predecessor-version":[{"id":2205,"href":"https:\/\/jornaloalvorada.com.br\/site\/wp-json\/wp\/v2\/posts\/2203\/revisions\/2205"}],"wp:featuredmedia":[{"embeddable":true,"href":"https:\/\/jornaloalvorada.com.br\/site\/wp-json\/wp\/v2\/media\/2204"}],"wp:attachment":[{"href":"https:\/\/jornaloalvorada.com.br\/site\/wp-json\/wp\/v2\/media?parent=2203"}],"wp:term":[{"taxonomy":"category","embeddable":true,"href":"https:\/\/jornaloalvorada.com.br\/site\/wp-json\/wp\/v2\/categories?post=2203"},{"taxonomy":"post_tag","embeddable":true,"href":"https:\/\/jornaloalvorada.com.br\/site\/wp-json\/wp\/v2\/tags?post=2203"}],"curies":[{"name":"wp","href":"https:\/\/api.w.org\/{rel}","templated":true}]}}