{"id":2154,"date":"2023-07-11T09:48:41","date_gmt":"2023-07-11T13:48:41","guid":{"rendered":"https:\/\/jornaloalvorada.com.br\/site\/?p=2154"},"modified":"2023-07-11T09:48:43","modified_gmt":"2023-07-11T13:48:43","slug":"terca-feira-de-tempo-seco-e-quente-com-pouca-possibilidade-de-chuva-em-todo-o-estado","status":"publish","type":"post","link":"https:\/\/jornaloalvorada.com.br\/site\/2023\/07\/11\/terca-feira-de-tempo-seco-e-quente-com-pouca-possibilidade-de-chuva-em-todo-o-estado\/","title":{"rendered":"Ter\u00e7a-feira de tempo seco e quente com pouca possibilidade de chuva em todo o Estado"},"content":{"rendered":"\n<p>Nesta ter\u00e7a-feira (11), o tempo permanece seco e quente durante o dia, com sol e varia\u00e7\u00e3o de nebulosidade em todo Mato Grosso do Sul, de acordo com o Cemtec (Centro de Monitoramento do Tempo e do Clima). Por isso, recomenda-se beber bastante l\u00edquido e evitar exposi\u00e7\u00e3o ao sol nos hor\u00e1rios mais quentes do dia. J\u00e1 s\u00e3o mais de 20 dias de estiagem em todo o Estado, com exce\u00e7\u00e3o do extremo sul, que registrou mais de 20 mm em Sete Quedas nas \u00faltimas 48 horas.<\/p>\n\n\n\n<p>Em Campo Grande, a m\u00ednima pode chegar a 20\u00b0C e a m\u00e1xima alcan\u00e7a 32\u00b0C. Nas outras regi\u00f5es, as temperaturas tamb\u00e9m devem variar pr\u00f3ximas disso, com m\u00e1ximas passando dos 30\u00b0C. A m\u00e1xima, em todo o Estado, chega a 35\u00b0C, em Coxim. As cidades de Tr\u00eas Lagoas e Parana\u00edba registram m\u00ednimas de 17\u00b0C.<\/p>\n\n\n\n<p>A partir de quarta-feira (12), o tempo come\u00e7a a mudar com a chegada de uma nova frente fria, aliado ao intenso fluxo de calor e umidade que favorece a forma\u00e7\u00e3o de nuvens e chuvas.<\/p>\n\n\n\n<figure class=\"wp-block-image\"><img decoding=\"async\" src=\"https:\/\/agenciadenoticias.ms.gov.br\/wp-content\/uploads\/2023\/07\/Tempo-11-07.jpg\" alt=\"\" class=\"wp-image-442287\"\/><\/figure>\n\n\n\n<p><em><strong>Alexandre Gonzaga, Comunica\u00e7\u00e3o do Governo de MS<\/strong><\/em><br><em><strong>Foto: Bruno Rezende<\/strong><\/em><\/p>\n","protected":false},"excerpt":{"rendered":"<p>Nesta ter\u00e7a-feira (11), o tempo permanece seco e quente durante o dia, com sol e varia\u00e7\u00e3o de nebulosidade em todo<\/p>\n","protected":false},"author":1,"featured_media":2155,"comment_status":"open","ping_status":"open","sticky":false,"template":"","format":"standard","meta":{"footnotes":""},"categories":[2],"tags":[],"class_list":["post-2154","post","type-post","status-publish","format-standard","has-post-thumbnail","hentry","category-noticias"],"_links":{"self":[{"href":"https:\/\/jornaloalvorada.com.br\/site\/wp-json\/wp\/v2\/posts\/2154","targetHints":{"allow":["GET"]}}],"collection":[{"href":"https:\/\/jornaloalvorada.com.br\/site\/wp-json\/wp\/v2\/posts"}],"about":[{"href":"https:\/\/jornaloalvorada.com.br\/site\/wp-json\/wp\/v2\/types\/post"}],"author":[{"embeddable":true,"href":"https:\/\/jornaloalvorada.com.br\/site\/wp-json\/wp\/v2\/users\/1"}],"replies":[{"embeddable":true,"href":"https:\/\/jornaloalvorada.com.br\/site\/wp-json\/wp\/v2\/comments?post=2154"}],"version-history":[{"count":1,"href":"https:\/\/jornaloalvorada.com.br\/site\/wp-json\/wp\/v2\/posts\/2154\/revisions"}],"predecessor-version":[{"id":2156,"href":"https:\/\/jornaloalvorada.com.br\/site\/wp-json\/wp\/v2\/posts\/2154\/revisions\/2156"}],"wp:featuredmedia":[{"embeddable":true,"href":"https:\/\/jornaloalvorada.com.br\/site\/wp-json\/wp\/v2\/media\/2155"}],"wp:attachment":[{"href":"https:\/\/jornaloalvorada.com.br\/site\/wp-json\/wp\/v2\/media?parent=2154"}],"wp:term":[{"taxonomy":"category","embeddable":true,"href":"https:\/\/jornaloalvorada.com.br\/site\/wp-json\/wp\/v2\/categories?post=2154"},{"taxonomy":"post_tag","embeddable":true,"href":"https:\/\/jornaloalvorada.com.br\/site\/wp-json\/wp\/v2\/tags?post=2154"}],"curies":[{"name":"wp","href":"https:\/\/api.w.org\/{rel}","templated":true}]}}