{"id":2124,"date":"2023-07-06T12:05:50","date_gmt":"2023-07-06T16:05:50","guid":{"rendered":"https:\/\/jornaloalvorada.com.br\/site\/?p=2124"},"modified":"2023-07-06T12:05:53","modified_gmt":"2023-07-06T16:05:53","slug":"mancha-solar-10-vezes-maior-que-a-terra-explode-em-nivel-maximo-e-interrompe-sinais-de-radio","status":"publish","type":"post","link":"https:\/\/jornaloalvorada.com.br\/site\/2023\/07\/06\/mancha-solar-10-vezes-maior-que-a-terra-explode-em-nivel-maximo-e-interrompe-sinais-de-radio\/","title":{"rendered":"Mancha solar 10 vezes maior que a Terra explode em n\u00edvel m\u00e1ximo e interrompe sinais de r\u00e1dio"},"content":{"rendered":"\n<p>Umamancha solar gigante explodiue causou breves e intensos apag\u00f5es de r\u00e1dio nos EUA, segundo registros cient\u00edficos. A atividade ocorreu em AR 3354, uma regi\u00e3o demanchas solares imensas e ativas.<\/p>\n\n\n\n<p>Segundo a Nasa, a explos\u00e3o desencadeada chegou ao n\u00edvel X, o mais alto do \u00edndice que mede apot\u00eancia de explos\u00f5es do tipo, e carregou a atmosfera de part\u00edculas que impediram a propaga\u00e7\u00e3o de sinais de r\u00e1dio em toda a costa oeste dos EUA e em pa\u00edses do oceano Pac\u00edfico.<\/p>\n\n\n\n<p>Mesmo antes da explos\u00e3o, a mancha chamou a aten\u00e7\u00e3o de astr\u00f4nomos, uma vez que cresceu vertiginosamente:<strong>menos de 24 horas ap\u00f3s aparecer, em 26 de junho, a mancha j\u00e1 era cinco vezes maior que o planeta Terra. Dias depois, dobrou de tamanho.<\/strong><\/p>\n\n\n\n<h2 class=\"wp-block-heading alignwide\"><img decoding=\"async\" src=\"https:\/\/i.ytimg.com\/vi\/HcbNw3gpvms\/sddefault.jpg#404_is_fine\" alt=\"Loading video\"><\/h2>\n\n\n\n<p>Apesar da grandeza e atividade intensa, seus efeitos foram menos s\u00e9rios do que poderiam, de acordo com previs\u00f5es.<\/p>\n\n\n\n<p>Por\u00e9m, mais explos\u00f5es do tipo devem ocorrer em breve, uma vez que a atividade solar est\u00e1 em um pico de 11 anos \u2014 parte de um ciclo esperado da estrela, com atividades de baixa e alta intensidade.<\/p>\n\n\n\n<p>De acordo com o Observat\u00f3rio Real da B\u00e9lgica,<strong>a quantidade atual de manchas solares<a href=\"https:\/\/twitter.com\/drkstrong\/status\/1675174663679295488\" target=\"_blank\" rel=\"noreferrer noopener\">est\u00e1 em seu pico de 21 anos<\/a>, com 163 manchas registradas por dia<\/strong>.<\/p>\n\n\n\n<p><strong>Explos\u00f5es solares s\u00e3o causadas por atividade do campo magn\u00e9tico do Sol<\/strong>. As sucessivas explos\u00f5es, reconex\u00f5es e rompimentos do campo, quase sempre em regi\u00f5es de manchas, que s\u00e3o onde a atividade magn\u00e9tica est\u00e1 no pico, causam os eventos explosivos. Quanto mais manchas, mais explos\u00f5es solares ocorrem.<\/p>\n\n\n\n<p>Em alguns casos mais agudos, o Sol lan\u00e7a muito material estelar diretamente no espa\u00e7o, o que \u00e9 chamado de &#8220;eje\u00e7\u00f5es de massa coronal&#8221;, o que n\u00e3o ocorreu na explos\u00e3o mais recente.<\/p>\n\n\n\n<p><strong><em>FONTE: terrabrasilnoticias.com<\/em><\/strong><\/p>\n","protected":false},"excerpt":{"rendered":"<p>Umamancha solar gigante explodiue causou breves e intensos apag\u00f5es de r\u00e1dio nos EUA, segundo registros cient\u00edficos. A atividade ocorreu em<\/p>\n","protected":false},"author":1,"featured_media":2125,"comment_status":"open","ping_status":"open","sticky":false,"template":"","format":"standard","meta":{"footnotes":""},"categories":[2],"tags":[],"class_list":["post-2124","post","type-post","status-publish","format-standard","has-post-thumbnail","hentry","category-noticias"],"_links":{"self":[{"href":"https:\/\/jornaloalvorada.com.br\/site\/wp-json\/wp\/v2\/posts\/2124","targetHints":{"allow":["GET"]}}],"collection":[{"href":"https:\/\/jornaloalvorada.com.br\/site\/wp-json\/wp\/v2\/posts"}],"about":[{"href":"https:\/\/jornaloalvorada.com.br\/site\/wp-json\/wp\/v2\/types\/post"}],"author":[{"embeddable":true,"href":"https:\/\/jornaloalvorada.com.br\/site\/wp-json\/wp\/v2\/users\/1"}],"replies":[{"embeddable":true,"href":"https:\/\/jornaloalvorada.com.br\/site\/wp-json\/wp\/v2\/comments?post=2124"}],"version-history":[{"count":1,"href":"https:\/\/jornaloalvorada.com.br\/site\/wp-json\/wp\/v2\/posts\/2124\/revisions"}],"predecessor-version":[{"id":2126,"href":"https:\/\/jornaloalvorada.com.br\/site\/wp-json\/wp\/v2\/posts\/2124\/revisions\/2126"}],"wp:featuredmedia":[{"embeddable":true,"href":"https:\/\/jornaloalvorada.com.br\/site\/wp-json\/wp\/v2\/media\/2125"}],"wp:attachment":[{"href":"https:\/\/jornaloalvorada.com.br\/site\/wp-json\/wp\/v2\/media?parent=2124"}],"wp:term":[{"taxonomy":"category","embeddable":true,"href":"https:\/\/jornaloalvorada.com.br\/site\/wp-json\/wp\/v2\/categories?post=2124"},{"taxonomy":"post_tag","embeddable":true,"href":"https:\/\/jornaloalvorada.com.br\/site\/wp-json\/wp\/v2\/tags?post=2124"}],"curies":[{"name":"wp","href":"https:\/\/api.w.org\/{rel}","templated":true}]}}