{"id":2110,"date":"2023-07-06T08:49:56","date_gmt":"2023-07-06T12:49:56","guid":{"rendered":"https:\/\/jornaloalvorada.com.br\/site\/?p=2110"},"modified":"2023-07-06T08:50:00","modified_gmt":"2023-07-06T12:50:00","slug":"ms-tem-previsao-de-tempo-ameno-pela-manha-e-tarde-ensolarada-nesta-quinta-feira","status":"publish","type":"post","link":"https:\/\/jornaloalvorada.com.br\/site\/2023\/07\/06\/ms-tem-previsao-de-tempo-ameno-pela-manha-e-tarde-ensolarada-nesta-quinta-feira\/","title":{"rendered":"MS tem previs\u00e3o de tempo ameno pela manh\u00e3 e tarde ensolarada nesta quinta-feira"},"content":{"rendered":"\n<p>As temperaturas seguem amenas no amanhecer desta quinta-feira (6) em Mato Grosso do Sul, com leve sensa\u00e7\u00e3o de frio, e sobem rapidamente durante o dia, de acordo com o Cemtec (Centro de Monitoramento do Tempo e do Clima). A previs\u00e3o \u00e9 de temperaturas m\u00e1ximas que podem ultrapassar os 32\u00b0C, principalmente no norte do Estado.<\/p>\n\n\n\n<p>Durante a tarde, com temperaturas em eleva\u00e7\u00e3o, os \u00edndices de umidade relativa do ar diminuem rapidamente podendo ser registrado valores entre 20% e 40%. Por isso, recomenda-se beber bastante l\u00edquido e evitar exposi\u00e7\u00e3o ao sol nos hor\u00e1rios mais quentes e secos.<\/p>\n\n\n\n<p>Em Campo Grande, a m\u00ednima ser\u00e1 de 17\u00b0C e a m\u00e1xima de 29\u00b0C. Em Dourados, 14\u00b0C pela manh\u00e3 e de 30\u00baC a tarde. No leste do Estado, em Anauril\u00e2ndia, os term\u00f4metros marcam 13\u00b0C inicialmente e sobem at\u00e9 os 29\u00baC. Em Ponta Por\u00e3 ter\u00e1 16\u00b0C cedo, com previs\u00e3o de eleva\u00e7\u00e3o gradativa at\u00e9 os 27\u00b0C durante a tarde.<\/p>\n\n\n\n<p>No Pantanal, m\u00ednima de 21\u00b0C em Corumb\u00e1, e de 17\u00b0C em Aquidauana, as m\u00e1ximas nestes munic\u00edpios ser\u00e3o de 30\u00b0C e 31\u00b0C, respectivamente. Na regi\u00e3o sudoeste, Porto Murtinho amanhece com 22\u00b0C e chega aos 32\u00b0C ao longo do dia. No norte, em Coxim, as temperaturas variam entre 16\u00b0C e 33\u00b0C. No Bols\u00e3o, Tr\u00eas Lagoas e Parana\u00edba ter\u00e3o 14\u00b0C no amanhecer e 30\u00b0C nos hor\u00e1rios mais quentes.<\/p>\n\n\n\n<p><strong><em>Jo\u00e3o Pedro Flores, Programa de Est\u00e1gio Supervisionado<\/em><br><em>Foto: \u00c1lvaro Rezende<\/em><\/strong><\/p>\n","protected":false},"excerpt":{"rendered":"<p>As temperaturas seguem amenas no amanhecer desta quinta-feira (6) em Mato Grosso do Sul, com leve sensa\u00e7\u00e3o de frio, e<\/p>\n","protected":false},"author":1,"featured_media":2111,"comment_status":"open","ping_status":"open","sticky":false,"template":"","format":"standard","meta":{"footnotes":""},"categories":[2],"tags":[],"class_list":["post-2110","post","type-post","status-publish","format-standard","has-post-thumbnail","hentry","category-noticias"],"_links":{"self":[{"href":"https:\/\/jornaloalvorada.com.br\/site\/wp-json\/wp\/v2\/posts\/2110","targetHints":{"allow":["GET"]}}],"collection":[{"href":"https:\/\/jornaloalvorada.com.br\/site\/wp-json\/wp\/v2\/posts"}],"about":[{"href":"https:\/\/jornaloalvorada.com.br\/site\/wp-json\/wp\/v2\/types\/post"}],"author":[{"embeddable":true,"href":"https:\/\/jornaloalvorada.com.br\/site\/wp-json\/wp\/v2\/users\/1"}],"replies":[{"embeddable":true,"href":"https:\/\/jornaloalvorada.com.br\/site\/wp-json\/wp\/v2\/comments?post=2110"}],"version-history":[{"count":1,"href":"https:\/\/jornaloalvorada.com.br\/site\/wp-json\/wp\/v2\/posts\/2110\/revisions"}],"predecessor-version":[{"id":2112,"href":"https:\/\/jornaloalvorada.com.br\/site\/wp-json\/wp\/v2\/posts\/2110\/revisions\/2112"}],"wp:featuredmedia":[{"embeddable":true,"href":"https:\/\/jornaloalvorada.com.br\/site\/wp-json\/wp\/v2\/media\/2111"}],"wp:attachment":[{"href":"https:\/\/jornaloalvorada.com.br\/site\/wp-json\/wp\/v2\/media?parent=2110"}],"wp:term":[{"taxonomy":"category","embeddable":true,"href":"https:\/\/jornaloalvorada.com.br\/site\/wp-json\/wp\/v2\/categories?post=2110"},{"taxonomy":"post_tag","embeddable":true,"href":"https:\/\/jornaloalvorada.com.br\/site\/wp-json\/wp\/v2\/tags?post=2110"}],"curies":[{"name":"wp","href":"https:\/\/api.w.org\/{rel}","templated":true}]}}