{"id":2004,"date":"2023-06-22T07:33:43","date_gmt":"2023-06-22T11:33:43","guid":{"rendered":"https:\/\/jornaloalvorada.com.br\/site\/?p=2004"},"modified":"2023-06-22T07:33:46","modified_gmt":"2023-06-22T11:33:46","slug":"copom-mantem-juros-basicos-da-economia-em-1375-ao-ano","status":"publish","type":"post","link":"https:\/\/jornaloalvorada.com.br\/site\/2023\/06\/22\/copom-mantem-juros-basicos-da-economia-em-1375-ao-ano\/","title":{"rendered":"Copom mant\u00e9m juros b\u00e1sicos da economia em 13,75% ao ano"},"content":{"rendered":"\n<p>Apesar da queda da infla\u00e7\u00e3o e das press\u00f5es de parte do governo, o Banco Central (BC) n\u00e3o mexeu nos juros. Por unanimidade, o Comit\u00ea de Pol\u00edtica Monet\u00e1ria (Copom) manteve a taxa Selic, juros b\u00e1sicos da economia, em 13,75% ao ano. A decis\u00e3o <a href=\"https:\/\/agenciabrasil.ebc.com.br\/economia\/noticia\/2023-06\/mercado-eleva-para-214-projecao-do-crescimento-da-economia-em-2023\" target=\"_blank\" rel=\"noreferrer noopener\">era esperada pelos analistas financeiros<\/a>, que apostam em queda apenas a partir de agosto.<img decoding=\"async\" src=\"https:\/\/agenciabrasil.ebc.com.br\/ebc.png?id=1539561&amp;o=node\"><img decoding=\"async\" src=\"https:\/\/agenciabrasil.ebc.com.br\/ebc.gif?id=1539561&amp;o=node\"><\/p>\n\n\n\n<p>Em comunicado, o Copom indicou que ainda existem riscos sobre a infla\u00e7\u00e3o, como eventuais press\u00f5es globais sobre os pre\u00e7os e incertezas \u201cresiduais\u201d sobre a vota\u00e7\u00e3o do arcabou\u00e7o fiscal. Diferentemente das \u00faltimas reuni\u00f5es, foi retirada a frase que afirmava que o Banco Central poderia voltar a elevar os juros caso a infla\u00e7\u00e3o subisse, mas a autoridade monet\u00e1ria n\u00e3o informou se nem quando pretende cortar a Selic.<\/p>\n\n\n\n<p>\u201cO comit\u00ea avalia que a conjuntura demanda paci\u00eancia e serenidade na condu\u00e7\u00e3o da pol\u00edtica monet\u00e1ria e relembra que os passos futuros da pol\u00edtica monet\u00e1ria depender\u00e3o da evolu\u00e7\u00e3o da din\u00e2mica inflacion\u00e1ria, em especial dos componentes mais sens\u00edveis \u00e0 pol\u00edtica monet\u00e1ria e \u00e0 atividade econ\u00f4mica, das expectativas de infla\u00e7\u00e3o, em particular as de maior prazo, de suas proje\u00e7\u00f5es de infla\u00e7\u00e3o, do hiato do produto e do balan\u00e7o de riscos\u201d, ressaltou a nota.<\/p>\n\n\n\n<p>A taxa continua no maior n\u00edvel desde janeiro de 2017, quando tamb\u00e9m estava em 13,75% ao ano. Essa foi a s\u00e9tima&nbsp;vez seguida em que o BC n\u00e3o mexe na taxa, que permanece nesse n\u00edvel desde agosto do ano passado. Anteriormente, o Copom tinha elevado a Selic por 12 vezes consecutivas, num ciclo que come\u00e7ou em meio \u00e0 alta dos pre\u00e7os de alimentos, de energia e de combust\u00edveis.<\/p>\n\n\n\n<p>De mar\u00e7o a junho de 2021, o Copom elevou a taxa em 0,75 ponto percentual em cada encontro. No in\u00edcio de agosto do mesmo ano, o BC passou a aumentar a Selic em 1 ponto a cada reuni\u00e3o. Com a alta da infla\u00e7\u00e3o e o agravamento das tens\u00f5es no mercado financeiro, a Selic foi elevada em 1,5 ponto de outubro de 2021 at\u00e9 fevereiro de 2022. No ano passado, o Copom promoveu dois aumentos de 1 ponto, em mar\u00e7o e maio, e dois aumentos de 0,5 ponto, em junho e agosto.<\/p>\n\n\n\n<p>Antes do in\u00edcio do ciclo de alta, a Selic tinha sido reduzida para 2% ao ano, no n\u00edvel mais baixo da s\u00e9rie hist\u00f3rica iniciada em 1986. Por causa da contra\u00e7\u00e3o econ\u00f4mica gerada pela pandemia de covid-19, o Banco Central tinha derrubado a taxa para estimular a produ\u00e7\u00e3o e o consumo. A taxa ficou no menor patamar da hist\u00f3ria de agosto de 2020 a mar\u00e7o de 2021.<\/p>\n\n\n\n<h2 class=\"wp-block-heading\">Infla\u00e7\u00e3o<\/h2>\n\n\n\n<p>A Selic \u00e9 o principal instrumento do Banco Central para manter sob controle a infla\u00e7\u00e3o oficial, medida pelo \u00cdndice Nacional de Pre\u00e7os ao Consumidor Amplo (IPCA). Em maio<a href=\"https:\/\/agenciabrasil.ebc.com.br\/economia\/noticia\/2023-06\/inflacao-oficial-cai-para-023-em-maio-e-acumula-295-este-ano\" target=\"_blank\" rel=\"noreferrer noopener\">,<\/a> <a href=\"https:\/\/agenciabrasil.ebc.com.br\/economia\/noticia\/2023-06\/inflacao-oficial-cai-para-023-em-maio-e-acumula-295-este-ano\" target=\"_blank\" rel=\"noreferrer noopener\">o indicador<\/a> fechou em 3,94% no acumulado de 12 meses, abaixo de 4% pela primeira vez em dois anos e meio. Nos \u00faltimos dois meses, a infla\u00e7\u00e3o vem caindo por causa dos alimentos e dos combust\u00edveis.<\/p>\n\n\n\n<p>O \u00edndice fechou o ano passado acima do teto da meta de infla\u00e7\u00e3o. Para 2023, o Conselho Monet\u00e1rio Nacional (CMN) fixou meta de infla\u00e7\u00e3o de 3,25%, com margem de toler\u00e2ncia de 1,5 ponto percentual. O IPCA, portanto, n\u00e3o podia superar 4,75% nem ficar abaixo de 1,75% neste ano.<\/p>\n\n\n\n<p>No Relat\u00f3rio de Infla\u00e7\u00e3o, divulgado no fim de mar\u00e7o pelo Banco Central, a autoridade monet\u00e1ria estimava que o IPCA <a href=\"https:\/\/agenciabrasil.ebc.com.br\/economia\/noticia\/2023-03\/bc-aumenta-projecao-de-crescimento-da-economia-de-1-para-12\" target=\"_blank\" rel=\"noreferrer noopener\">fecharia 2023 em 5,8% no cen\u00e1rio base<\/a>. A proje\u00e7\u00e3o, no entanto, deve ser revista para baixo na nova vers\u00e3o do relat\u00f3rio, que ser\u00e1 divulgada no fim de junho.<\/p>\n\n\n\n<p>As previs\u00f5es do mercado est\u00e3o mais otimistas que as oficiais. De acordo com o boletim Focus, pesquisa semanal com institui\u00e7\u00f5es financeiras divulgada pelo BC, a <a href=\"https:\/\/agenciabrasil.ebc.com.br\/economia\/noticia\/2023-06\/mercado-eleva-para-214-projecao-do-crescimento-da-economia-em-2023\" target=\"_blank\" rel=\"noreferrer noopener\">infla\u00e7\u00e3o oficial dever\u00e1 fechar o ano<\/a> em 5,12%. H\u00e1 um m\u00eas, as estimativas do mercado estavam em 5,8%.<\/p>\n\n\n\n<h2 class=\"wp-block-heading\">Cr\u00e9dito mais caro<\/h2>\n\n\n\n<p>A eleva\u00e7\u00e3o da taxa Selic ajuda a controlar a infla\u00e7\u00e3o. Isso porque juros maiores encarecem o cr\u00e9dito e desestimulam a produ\u00e7\u00e3o e o consumo. Por outro lado, taxas mais altas dificultam a recupera\u00e7\u00e3o da economia. No \u00faltimo Relat\u00f3rio de Infla\u00e7\u00e3o, o Banco Central <a href=\"https:\/\/agenciabrasil.ebc.com.br\/economia\/noticia\/2023-03\/bc-aumenta-projecao-de-crescimento-da-economia-de-1-para-12\" target=\"_blank\" rel=\"noreferrer noopener\">projetava crescimento de 1,2%<\/a>&nbsp;para a economia em 2023.<\/p>\n\n\n\n<p>O mercado projeta crescimento maior, principalmente ap\u00f3s a divulga\u00e7\u00e3o de que o Produto Interno Bruto (PIB, soma das riquezas produzidas) <a href=\"https:\/\/agenciabrasil.ebc.com.br\/economia\/noticia\/2023-06\/economia-brasileira-cresce-19-no-primeiro-trimestre-deste-ano\" target=\"_blank\" rel=\"noreferrer noopener\">cresceu 1,9% no primeiro trimestre<\/a>. Segundo a \u00faltima edi\u00e7\u00e3o do boletim Focus, os analistas econ\u00f4micos preveem <a href=\"https:\/\/agenciabrasil.ebc.com.br\/economia\/noticia\/2023-06\/mercado-eleva-para-214-projecao-do-crescimento-da-economia-em-2023\" target=\"_blank\" rel=\"noreferrer noopener\">expans\u00e3o de 2,14%<\/a>&nbsp;do PIB em 2023.<\/p>\n\n\n\n<p>A taxa b\u00e1sica de juros \u00e9 usada nas negocia\u00e7\u00f5es de t\u00edtulos p\u00fablicos no Sistema Especial de Liquida\u00e7\u00e3o e Cust\u00f3dia (Selic) e serve de refer\u00eancia para as demais taxas de juros da economia. Ao reajust\u00e1-la para cima, o Banco Central segura o excesso de demanda que pressiona os pre\u00e7os, porque juros mais altos encarecem o cr\u00e9dito e estimulam a poupan\u00e7a.<\/p>\n\n\n\n<p>Ao reduzir os juros b\u00e1sicos, o Copom barateia o cr\u00e9dito e incentiva a produ\u00e7\u00e3o e o consumo, mas enfraquece o controle da infla\u00e7\u00e3o. Para cortar a Selic, a autoridade monet\u00e1ria precisa estar segura de que os pre\u00e7os est\u00e3o sob controle e n\u00e3o correm risco de subir.<\/p>\n\n\n\n<figure class=\"wp-block-image size-large\"><img loading=\"lazy\" decoding=\"async\" width=\"479\" height=\"1024\" src=\"https:\/\/jornaloalvorada.com.br\/site\/wp-content\/uploads\/2023\/06\/image-2-479x1024.png\" alt=\"\" class=\"wp-image-2005\" srcset=\"https:\/\/jornaloalvorada.com.br\/site\/wp-content\/uploads\/2023\/06\/image-2-479x1024.png 479w, https:\/\/jornaloalvorada.com.br\/site\/wp-content\/uploads\/2023\/06\/image-2-140x300.png 140w, https:\/\/jornaloalvorada.com.br\/site\/wp-content\/uploads\/2023\/06\/image-2-719x1536.png 719w, https:\/\/jornaloalvorada.com.br\/site\/wp-content\/uploads\/2023\/06\/image-2.png 754w\" sizes=\"auto, (max-width: 479px) 100vw, 479px\" \/><\/figure>\n\n\n\n<p><strong><em>Fonte: Ag\u00eancia Brasil<\/em><\/strong><\/p>\n","protected":false},"excerpt":{"rendered":"<p>Apesar da queda da infla\u00e7\u00e3o e das press\u00f5es de parte do governo, o Banco Central (BC) n\u00e3o mexeu nos juros.<\/p>\n","protected":false},"author":1,"featured_media":2006,"comment_status":"open","ping_status":"open","sticky":false,"template":"","format":"standard","meta":{"footnotes":""},"categories":[2],"tags":[],"class_list":["post-2004","post","type-post","status-publish","format-standard","has-post-thumbnail","hentry","category-noticias"],"_links":{"self":[{"href":"https:\/\/jornaloalvorada.com.br\/site\/wp-json\/wp\/v2\/posts\/2004","targetHints":{"allow":["GET"]}}],"collection":[{"href":"https:\/\/jornaloalvorada.com.br\/site\/wp-json\/wp\/v2\/posts"}],"about":[{"href":"https:\/\/jornaloalvorada.com.br\/site\/wp-json\/wp\/v2\/types\/post"}],"author":[{"embeddable":true,"href":"https:\/\/jornaloalvorada.com.br\/site\/wp-json\/wp\/v2\/users\/1"}],"replies":[{"embeddable":true,"href":"https:\/\/jornaloalvorada.com.br\/site\/wp-json\/wp\/v2\/comments?post=2004"}],"version-history":[{"count":1,"href":"https:\/\/jornaloalvorada.com.br\/site\/wp-json\/wp\/v2\/posts\/2004\/revisions"}],"predecessor-version":[{"id":2007,"href":"https:\/\/jornaloalvorada.com.br\/site\/wp-json\/wp\/v2\/posts\/2004\/revisions\/2007"}],"wp:featuredmedia":[{"embeddable":true,"href":"https:\/\/jornaloalvorada.com.br\/site\/wp-json\/wp\/v2\/media\/2006"}],"wp:attachment":[{"href":"https:\/\/jornaloalvorada.com.br\/site\/wp-json\/wp\/v2\/media?parent=2004"}],"wp:term":[{"taxonomy":"category","embeddable":true,"href":"https:\/\/jornaloalvorada.com.br\/site\/wp-json\/wp\/v2\/categories?post=2004"},{"taxonomy":"post_tag","embeddable":true,"href":"https:\/\/jornaloalvorada.com.br\/site\/wp-json\/wp\/v2\/tags?post=2004"}],"curies":[{"name":"wp","href":"https:\/\/api.w.org\/{rel}","templated":true}]}}