{"id":1995,"date":"2023-06-22T07:24:35","date_gmt":"2023-06-22T11:24:35","guid":{"rendered":"https:\/\/jornaloalvorada.com.br\/site\/?p=1995"},"modified":"2023-06-22T07:24:37","modified_gmt":"2023-06-22T11:24:37","slug":"bolsonaro-manda-recado-ao-tse-acao-contra-mim-e-igual-a-de-temer-que-foi-absolvido","status":"publish","type":"post","link":"https:\/\/jornaloalvorada.com.br\/site\/2023\/06\/22\/bolsonaro-manda-recado-ao-tse-acao-contra-mim-e-igual-a-de-temer-que-foi-absolvido\/","title":{"rendered":"Bolsonaro manda recado ao TSE: \u201ca\u00e7\u00e3o contra mim, \u00e9 igual a de Temer, que foi absolvido\u201d"},"content":{"rendered":"\n<p>O ex-presidente Jair Bolsonaro mandou um recado ao Tribunal Superior Eleitoral (TSE) sobre a a\u00e7\u00e3o de inelegibilidade contra o ex-mandat\u00e1rio que deve ser julgada nesta quinta-feira (22).<\/p>\n\n\n\n<p>Bolsonaro explicou que a a\u00e7\u00e3o contra ele tem fatos semelhantes \u00e0 do ex-presidente Michel Temer, em sua chapa com Dilma e ambos foram absolvidos.<\/p>\n\n\n\n<p><strong><em>Fonte: Terra Brasil Not\u00edcias<\/em><\/strong><\/p>\n","protected":false},"excerpt":{"rendered":"<p>O ex-presidente Jair Bolsonaro mandou um recado ao Tribunal Superior Eleitoral (TSE) sobre a a\u00e7\u00e3o de inelegibilidade contra o ex-mandat\u00e1rio<\/p>\n","protected":false},"author":1,"featured_media":1996,"comment_status":"open","ping_status":"open","sticky":false,"template":"","format":"standard","meta":{"footnotes":""},"categories":[2],"tags":[],"class_list":["post-1995","post","type-post","status-publish","format-standard","has-post-thumbnail","hentry","category-noticias"],"_links":{"self":[{"href":"https:\/\/jornaloalvorada.com.br\/site\/wp-json\/wp\/v2\/posts\/1995","targetHints":{"allow":["GET"]}}],"collection":[{"href":"https:\/\/jornaloalvorada.com.br\/site\/wp-json\/wp\/v2\/posts"}],"about":[{"href":"https:\/\/jornaloalvorada.com.br\/site\/wp-json\/wp\/v2\/types\/post"}],"author":[{"embeddable":true,"href":"https:\/\/jornaloalvorada.com.br\/site\/wp-json\/wp\/v2\/users\/1"}],"replies":[{"embeddable":true,"href":"https:\/\/jornaloalvorada.com.br\/site\/wp-json\/wp\/v2\/comments?post=1995"}],"version-history":[{"count":1,"href":"https:\/\/jornaloalvorada.com.br\/site\/wp-json\/wp\/v2\/posts\/1995\/revisions"}],"predecessor-version":[{"id":1997,"href":"https:\/\/jornaloalvorada.com.br\/site\/wp-json\/wp\/v2\/posts\/1995\/revisions\/1997"}],"wp:featuredmedia":[{"embeddable":true,"href":"https:\/\/jornaloalvorada.com.br\/site\/wp-json\/wp\/v2\/media\/1996"}],"wp:attachment":[{"href":"https:\/\/jornaloalvorada.com.br\/site\/wp-json\/wp\/v2\/media?parent=1995"}],"wp:term":[{"taxonomy":"category","embeddable":true,"href":"https:\/\/jornaloalvorada.com.br\/site\/wp-json\/wp\/v2\/categories?post=1995"},{"taxonomy":"post_tag","embeddable":true,"href":"https:\/\/jornaloalvorada.com.br\/site\/wp-json\/wp\/v2\/tags?post=1995"}],"curies":[{"name":"wp","href":"https:\/\/api.w.org\/{rel}","templated":true}]}}