{"id":1989,"date":"2023-06-22T07:19:59","date_gmt":"2023-06-22T11:19:59","guid":{"rendered":"https:\/\/jornaloalvorada.com.br\/site\/?p=1989"},"modified":"2023-06-22T07:20:02","modified_gmt":"2023-06-22T11:20:02","slug":"bomba-justica-aciona-governo-lula-por-causa-de-abandono-de-indigenas","status":"publish","type":"post","link":"https:\/\/jornaloalvorada.com.br\/site\/2023\/06\/22\/bomba-justica-aciona-governo-lula-por-causa-de-abandono-de-indigenas\/","title":{"rendered":"BOMBA: Justi\u00e7a aciona governo Lula por causa de \u2018abandono\u2019 de ind\u00edgenas\u00a0"},"content":{"rendered":"\n<p>Ind\u00edgenas ianom\u00e2mis que vivem regi\u00e3o do m\u00e9dio rio Negro, no Amazonas, est\u00e3o enfrentando dificuldades, como quadro de inseguran\u00e7a alimentar e risco de morte, de acordo com a\u00a0<strong><a rel=\"noreferrer noopener\" href=\"https:\/\/portal.trf1.jus.br\/sjam\/pagina-inicial.htm\" target=\"_blank\">Justi\u00e7a Federal<\/a><\/strong>.<\/p>\n\n\n\n<p>Conforme uma decis\u00e3o cautelar, proferida na segunda-feira 19, contra o governo de Luiz In\u00e1cio Lula da Silva, os ind\u00edgenas est\u00e3o enfrentando longas jornadas at\u00e9 cidades como Barcelos \u2014 a 400 quil\u00f4metros de Manaus \u2014 em busca de benef\u00edcios sociais.<\/p>\n\n\n\n<p>A ju\u00edza Jaiza Maria Fraxe determinou que o governo providencie o envio de servidores \u00e0 regi\u00e3o. O Planalto tamb\u00e9m dever\u00e1 comprovar, no prazo de 48 horas, a ado\u00e7\u00e3o de medidas junto a \u00f3rg\u00e3os municipais e estaduais para reduzir \u201cvulnerabilidade atual\u201d dos ianom\u00e2mis.<\/p>\n\n\n\n<p>A decis\u00e3o se estende a&nbsp;<strong>outros povos ind\u00edgenas<\/strong>&nbsp;em condi\u00e7\u00f5es similares na regi\u00e3o. A informa\u00e7\u00e3o foi publicada pelo jornal&nbsp;<em>Folha de S. Paulo<\/em>. A Funda\u00e7\u00e3o Nacional dos Povos Ind\u00edgenas (Funai) n\u00e3o se manifestou ainda sobre a decis\u00e3o da Justi\u00e7a.<\/p>\n\n\n\n<p>Ainda segundo a Justi\u00e7a Federal, o governo deve atuar para evitar a fome dos ind\u00edgenas, garantir a solu\u00e7\u00e3o imediata das demandas na cidade e assegurar apoio log\u00edstico nas aldeias.<\/p>\n\n\n\n<p>A decis\u00e3o atende a pedido do Minist\u00e9rio P\u00fablico Federal no Amazonas, apresentado \u00e0 Justi\u00e7a na semana passada.<\/p>\n\n\n\n<p>\u201cO que se avizinha \u00e9 a alta probabilidade de inseguran\u00e7a alimentar, acidentes, doen\u00e7as, desnutri\u00e7\u00e3o e mortes em raz\u00e3o da hipervulnerabilidade em que se encontram fora das aldeias para tentar recebimento de aux\u00edlios\u201d, salientou a ju\u00edza.<\/p>\n\n\n\n<p>Na peti\u00e7\u00e3o \u00e0 Justi\u00e7a, o procurador Fernando Merloto Soave tamb\u00e9m pede que Funai, Caixa Econ\u00f4mica Federal e o Instituto Nacional do Seguro Social (INSS) sejam condenados para adequa\u00e7\u00e3o das pol\u00edticas p\u00fablicas referentes a benef\u00edcios sociais.<\/p>\n\n\n\n<p><strong><em>Cr\u00e9dito: Terra Brasil Not\u00edcias\/Revista Oeste<\/em><\/strong><\/p>\n","protected":false},"excerpt":{"rendered":"<p>Ind\u00edgenas ianom\u00e2mis que vivem regi\u00e3o do m\u00e9dio rio Negro, no Amazonas, est\u00e3o enfrentando dificuldades, como quadro de inseguran\u00e7a alimentar e<\/p>\n","protected":false},"author":1,"featured_media":1990,"comment_status":"open","ping_status":"open","sticky":false,"template":"","format":"standard","meta":{"footnotes":""},"categories":[2],"tags":[],"class_list":["post-1989","post","type-post","status-publish","format-standard","has-post-thumbnail","hentry","category-noticias"],"_links":{"self":[{"href":"https:\/\/jornaloalvorada.com.br\/site\/wp-json\/wp\/v2\/posts\/1989","targetHints":{"allow":["GET"]}}],"collection":[{"href":"https:\/\/jornaloalvorada.com.br\/site\/wp-json\/wp\/v2\/posts"}],"about":[{"href":"https:\/\/jornaloalvorada.com.br\/site\/wp-json\/wp\/v2\/types\/post"}],"author":[{"embeddable":true,"href":"https:\/\/jornaloalvorada.com.br\/site\/wp-json\/wp\/v2\/users\/1"}],"replies":[{"embeddable":true,"href":"https:\/\/jornaloalvorada.com.br\/site\/wp-json\/wp\/v2\/comments?post=1989"}],"version-history":[{"count":1,"href":"https:\/\/jornaloalvorada.com.br\/site\/wp-json\/wp\/v2\/posts\/1989\/revisions"}],"predecessor-version":[{"id":1991,"href":"https:\/\/jornaloalvorada.com.br\/site\/wp-json\/wp\/v2\/posts\/1989\/revisions\/1991"}],"wp:featuredmedia":[{"embeddable":true,"href":"https:\/\/jornaloalvorada.com.br\/site\/wp-json\/wp\/v2\/media\/1990"}],"wp:attachment":[{"href":"https:\/\/jornaloalvorada.com.br\/site\/wp-json\/wp\/v2\/media?parent=1989"}],"wp:term":[{"taxonomy":"category","embeddable":true,"href":"https:\/\/jornaloalvorada.com.br\/site\/wp-json\/wp\/v2\/categories?post=1989"},{"taxonomy":"post_tag","embeddable":true,"href":"https:\/\/jornaloalvorada.com.br\/site\/wp-json\/wp\/v2\/tags?post=1989"}],"curies":[{"name":"wp","href":"https:\/\/api.w.org\/{rel}","templated":true}]}}