{"id":1978,"date":"2023-06-20T19:03:22","date_gmt":"2023-06-20T23:03:22","guid":{"rendered":"https:\/\/jornaloalvorada.com.br\/site\/?p=1978"},"modified":"2023-06-20T19:03:29","modified_gmt":"2023-06-20T23:03:29","slug":"vaca-mais-cara-do-mundo-nelore-brasileira-vale-quase-r-21-milhoes","status":"publish","type":"post","link":"https:\/\/jornaloalvorada.com.br\/site\/2023\/06\/20\/vaca-mais-cara-do-mundo-nelore-brasileira-vale-quase-r-21-milhoes\/","title":{"rendered":"Vaca mais cara do mundo, Nelore brasileira vale quase R$ 21 milh\u00f5es"},"content":{"rendered":"\n<p>Considerada a vaca mais cara do mundo, com base em dados de venda referentes a 2022, a Viatina-19 FIV Mara M\u00f3veis, da ra\u00e7a Nelore, bateu seu recorde em um leil\u00e3o realizado na sexta-feira (19\/6) pela Agropecu\u00e1ria Casa Branca, em Arandu, no interior de&nbsp;S\u00e3o Paulo.<\/p>\n\n\n\n<p>Aos 53 meses de idade, a vaca teve um ter\u00e7o das cotas vendido por R$ 6,99 milh\u00f5es. Com isso, a proje\u00e7\u00e3o para o pre\u00e7o final do animal \u00e9 de R$ 20,9 milh\u00f5es.<\/p>\n\n\n\n<p>O lance que arrematou os 33% da Nelore brasileira foi feito pela Nelore HRO, uma das mais importantes selecionadoras da ra\u00e7a no Brasil. A empresa passa a dividir a propriedade da Viatina-19 com a Casa Branca Agropastoril e a Agropecu\u00e1ria Napemo.<\/p>\n\n\n\n<p>Na pr\u00e1tica, significa dizer que a Nelore HRO obter\u00e1 33% do lucro com a venda dos embri\u00f5es que a vaca ir\u00e1 produzir. Em consenso, os s\u00f3cios-propriet\u00e1rios da vaca escolher\u00e3o um local para abrigar o animal doador de embri\u00f5es.<\/p>\n\n\n\n<p>Nos leil\u00f5es, em geral,&nbsp;os produtores&nbsp;t\u00eam interesse nos filhotes que a vaca pode gerar. Em m\u00e9dia, uma vaca tem um bezerro por ano. Entretanto, quando criada especificamente para a reprodu\u00e7\u00e3o, ela recebe est\u00edmulos para ovular mais e seus embri\u00f5es s\u00e3o implantados em outras f\u00eameas \u2013 fazendo com que nas\u00e7am mais filhotes em um mesmo ano.<\/p>\n\n\n\n<p>Para efetuar a compra, s\u00e3o analisadas diversas caracter\u00edsticas do animal, entre as quais idade do primeiro parto, estrutura corporal, estado dos m\u00fasculos e da carca\u00e7a e peso de nascimento, al\u00e9m da qualidade, \u00e9 claro, dos bezerros que gerou.<\/p>\n\n\n\n<p><strong><em>Fonte: Terra Brasil Not\u00edcias<\/em><\/strong><\/p>\n","protected":false},"excerpt":{"rendered":"<p>Considerada a vaca mais cara do mundo, com base em dados de venda referentes a 2022, a Viatina-19 FIV Mara<\/p>\n","protected":false},"author":1,"featured_media":1979,"comment_status":"open","ping_status":"open","sticky":false,"template":"","format":"standard","meta":{"footnotes":""},"categories":[2],"tags":[],"class_list":["post-1978","post","type-post","status-publish","format-standard","has-post-thumbnail","hentry","category-noticias"],"_links":{"self":[{"href":"https:\/\/jornaloalvorada.com.br\/site\/wp-json\/wp\/v2\/posts\/1978","targetHints":{"allow":["GET"]}}],"collection":[{"href":"https:\/\/jornaloalvorada.com.br\/site\/wp-json\/wp\/v2\/posts"}],"about":[{"href":"https:\/\/jornaloalvorada.com.br\/site\/wp-json\/wp\/v2\/types\/post"}],"author":[{"embeddable":true,"href":"https:\/\/jornaloalvorada.com.br\/site\/wp-json\/wp\/v2\/users\/1"}],"replies":[{"embeddable":true,"href":"https:\/\/jornaloalvorada.com.br\/site\/wp-json\/wp\/v2\/comments?post=1978"}],"version-history":[{"count":1,"href":"https:\/\/jornaloalvorada.com.br\/site\/wp-json\/wp\/v2\/posts\/1978\/revisions"}],"predecessor-version":[{"id":1980,"href":"https:\/\/jornaloalvorada.com.br\/site\/wp-json\/wp\/v2\/posts\/1978\/revisions\/1980"}],"wp:featuredmedia":[{"embeddable":true,"href":"https:\/\/jornaloalvorada.com.br\/site\/wp-json\/wp\/v2\/media\/1979"}],"wp:attachment":[{"href":"https:\/\/jornaloalvorada.com.br\/site\/wp-json\/wp\/v2\/media?parent=1978"}],"wp:term":[{"taxonomy":"category","embeddable":true,"href":"https:\/\/jornaloalvorada.com.br\/site\/wp-json\/wp\/v2\/categories?post=1978"},{"taxonomy":"post_tag","embeddable":true,"href":"https:\/\/jornaloalvorada.com.br\/site\/wp-json\/wp\/v2\/tags?post=1978"}],"curies":[{"name":"wp","href":"https:\/\/api.w.org\/{rel}","templated":true}]}}