{"id":1964,"date":"2023-06-20T11:31:47","date_gmt":"2023-06-20T15:31:47","guid":{"rendered":"https:\/\/jornaloalvorada.com.br\/site\/?p=1964"},"modified":"2023-06-20T11:31:50","modified_gmt":"2023-06-20T15:31:50","slug":"ibama-apreende-quase-30-toneladas-de-barbatanas-de-tubarao-e-estima-a-morte-de-10-mil-animais","status":"publish","type":"post","link":"https:\/\/jornaloalvorada.com.br\/site\/2023\/06\/20\/ibama-apreende-quase-30-toneladas-de-barbatanas-de-tubarao-e-estima-a-morte-de-10-mil-animais\/","title":{"rendered":"Ibama apreende quase 30 toneladas de barbatanas de tubar\u00e3o e estima a morte de 10 mil animais"},"content":{"rendered":"\n<p>O <a href=\"https:\/\/jovempan.com.br\/tag\/ibama\"><strong>Instituto Brasileiro do Meio Ambiente e dos Recursos Naturais Renov\u00e1veis<\/strong><\/a> (Ibama) apreendeu 28,7 toneladas de barbatanas de tubar\u00e3o em uma mega opera\u00e7\u00e3o nacional. As barbatanas apreendidas s\u00e3o de duas esp\u00e9cies: o tubar\u00e3o azul e o tubar\u00e3o anequim, tamb\u00e9m conhecido como Mako, que entrou para lista de animais amea\u00e7ados de extin\u00e7\u00e3o. Elas seriam exportada, ilegalmente, para a \u00c1sia, segundo informou o Ibama. De acordo com o instituto, essa foi a maior apreens\u00e3o de barbatanas j\u00e1 registrada no mundo. O resultado da opera\u00e7\u00e3o foi divulgado nesta segunda-feira, 19, pelo \u00f3rg\u00e3o. A estimativa do Ibama \u00e9 de que pelo menos 10 mil tubar\u00f5es morreram (4.400 azuis e 5.600 anequins). Segundo o instituto, 27,6 toneladas foram encontradas em uma empresa de <a href=\"https:\/\/jovempan.com.br\/tag\/santa-catarina\"><strong>Santa Catarina<\/strong><\/a>. Uma outra busca, deflagrada em maio, apreendeu 1,1 tonelada no Aeroporto Internacional de Guarulhos, em <a href=\"https:\/\/jovempan.com.br\/tag\/sao-paulo\"><strong>S\u00e3o Paulo<\/strong><\/a>.<\/p>\n\n\n\n<p>Conforme o pr\u00f3prio instituto, a pesca direcionada para tubar\u00f5es n\u00e3o \u00e9 permitida no Brasil. A suspeita do \u00f3rg\u00e3o \u00e9 de que as embarca\u00e7\u00f5es \u201cvaliam-se de licen\u00e7as de captura de outras esp\u00e9cies de peixe e atuavam com \u00edndices acima de 80% da carga permitida\u201d. As barbatanas s\u00e3o de grande interesse de pescadores ilegais por ser alto valor no mercado internacional, em especial na \u00c1sia. O Ibama tamb\u00e9m constatou diversas irregularidades cometidas pelas embarca\u00e7\u00f5es. Entre elas, a de licen\u00e7a para a modalidade de pesca, captura direcionada para tubar\u00f5es em desacordo com a licen\u00e7a de pesca, al\u00e9m da pesca proibida com o uso de equipamentos n\u00e3o permitidos por lei. Ainda segundo o instituto, as embarca\u00e7\u00f5es tamb\u00e9m n\u00e3o cumpriram medidas obrigat\u00f3rias para evitar captura e morte de aves marinhas. De acordo com o Ibama, isso ocasionou na morte de milhares de aves, algumas de esp\u00e9cies amea\u00e7adas de extin\u00e7\u00e3o. A a\u00e7\u00e3o faz parte do Plano Nacional Anual de Prote\u00e7\u00e3o Ambiental e em cumprimento aos acordos internacionais de que o Brasil \u00e9 signat\u00e1rio.<\/p>\n\n\n\n<p><strong><em>Fonte: Jovem Pan<\/em><\/strong><\/p>\n","protected":false},"excerpt":{"rendered":"<p>O Instituto Brasileiro do Meio Ambiente e dos Recursos Naturais Renov\u00e1veis (Ibama) apreendeu 28,7 toneladas de barbatanas de tubar\u00e3o em<\/p>\n","protected":false},"author":1,"featured_media":1965,"comment_status":"open","ping_status":"open","sticky":false,"template":"","format":"standard","meta":{"footnotes":""},"categories":[2],"tags":[],"class_list":["post-1964","post","type-post","status-publish","format-standard","has-post-thumbnail","hentry","category-noticias"],"_links":{"self":[{"href":"https:\/\/jornaloalvorada.com.br\/site\/wp-json\/wp\/v2\/posts\/1964","targetHints":{"allow":["GET"]}}],"collection":[{"href":"https:\/\/jornaloalvorada.com.br\/site\/wp-json\/wp\/v2\/posts"}],"about":[{"href":"https:\/\/jornaloalvorada.com.br\/site\/wp-json\/wp\/v2\/types\/post"}],"author":[{"embeddable":true,"href":"https:\/\/jornaloalvorada.com.br\/site\/wp-json\/wp\/v2\/users\/1"}],"replies":[{"embeddable":true,"href":"https:\/\/jornaloalvorada.com.br\/site\/wp-json\/wp\/v2\/comments?post=1964"}],"version-history":[{"count":1,"href":"https:\/\/jornaloalvorada.com.br\/site\/wp-json\/wp\/v2\/posts\/1964\/revisions"}],"predecessor-version":[{"id":1966,"href":"https:\/\/jornaloalvorada.com.br\/site\/wp-json\/wp\/v2\/posts\/1964\/revisions\/1966"}],"wp:featuredmedia":[{"embeddable":true,"href":"https:\/\/jornaloalvorada.com.br\/site\/wp-json\/wp\/v2\/media\/1965"}],"wp:attachment":[{"href":"https:\/\/jornaloalvorada.com.br\/site\/wp-json\/wp\/v2\/media?parent=1964"}],"wp:term":[{"taxonomy":"category","embeddable":true,"href":"https:\/\/jornaloalvorada.com.br\/site\/wp-json\/wp\/v2\/categories?post=1964"},{"taxonomy":"post_tag","embeddable":true,"href":"https:\/\/jornaloalvorada.com.br\/site\/wp-json\/wp\/v2\/tags?post=1964"}],"curies":[{"name":"wp","href":"https:\/\/api.w.org\/{rel}","templated":true}]}}