{"id":1920,"date":"2023-06-19T09:53:11","date_gmt":"2023-06-19T13:53:11","guid":{"rendered":"https:\/\/jornaloalvorada.com.br\/site\/?p=1920"},"modified":"2023-06-19T09:53:14","modified_gmt":"2023-06-19T13:53:14","slug":"semana-comeca-com-tempo-estavel-mas-nova-frente-fria-deve-provocar-chuvas-em-ms","status":"publish","type":"post","link":"https:\/\/jornaloalvorada.com.br\/site\/2023\/06\/19\/semana-comeca-com-tempo-estavel-mas-nova-frente-fria-deve-provocar-chuvas-em-ms\/","title":{"rendered":"Semana come\u00e7a com tempo est\u00e1vel, mas nova frente fria deve provocar chuvas em MS"},"content":{"rendered":"\n<p>A semana come\u00e7a com previs\u00e3o de tempo est\u00e1vel, entre segunda-feira (19) e quarta-feira (21), em Mato Grosso do Sul. As temperaturas estar\u00e3o em eleva\u00e7\u00e3o, podendo atingir 31\u00b0C de acordo com o Cemtec\/MS (Centro de Monitoramento do Tempo e do Clima). Ao amanhecer as temperaturas seguem amenas, com aumento gradativo ao longo do dia. Devido as condi\u00e7\u00f5es meteorol\u00f3gicas s\u00e3o esperadas forma\u00e7\u00f5es de nevoeiros e neblinas.<\/p>\n\n\n\n<p>Est\u00e3o previstas temperaturas m\u00ednimas entre 8\u00b0C e 13\u00b0C e as m\u00e1ximas podem atingir valores de 26\u00b0C para regi\u00f5es Sul e Leste do Estado. Para as regi\u00f5es Norte e Oeste, espera-se m\u00ednimas entre 10\u00b0C e 14\u00b0C e m\u00e1ximas de at\u00e9 31\u00b0C. Em Campo Grande m\u00ednimas entre 10\u00b0C e 15\u00b0C e m\u00e1xima de at\u00e9 28\u00b0C. Os ventos sobram de leste nordeste com velocidade entre 30 e 50 km\/h e localmente podem atingir valores acima de 50 km\/h.<\/p>\n\n\n\n<p>Entre quarta-feira \u00e0 noite e quinta-feira est\u00e3o previstas mudan\u00e7as no tempo, com a aproxima\u00e7\u00e3o de uma frente fria aliada a um intenso fluxo de umidade a atua\u00e7\u00e3o de um sistema de baixa press\u00e3o atmosf\u00e9rica. Estes sistemas devem favorecer o aumento de nebulosidade e chuvas com destaque regi\u00f5es Sul e Sudoeste do Estado.<\/p>\n\n\n\n<p>Apesar da previs\u00e3o de chuva, as temperaturas m\u00ednimas nas regi\u00f5es Sul e Leste devem ficar entre 17\u00b0C e 18\u00b0C e as m\u00e1ximas podem atingir 25\u00b0C. Para as regi\u00f5es Norte e Oeste espera-se m\u00ednimas entre 18\u00b0C e 22\u00b0C e m\u00e1xima de at\u00e9 31\u00b0C. Em Campo Grande a m\u00ednima deve ficar em 18\u00b0C e a m\u00e1xima 27\u00b0C.<\/p>\n\n\n\n<p><em><strong>Natalia Yahn, Comunica\u00e7\u00e3o do Governo de MS<\/strong><\/em><\/p>\n\n\n\n<p><em><strong>Foto: \u00c1lvaro Rezende<\/strong><\/em><\/p>\n","protected":false},"excerpt":{"rendered":"<p>A semana come\u00e7a com previs\u00e3o de tempo est\u00e1vel, entre segunda-feira (19) e quarta-feira (21), em Mato Grosso do Sul. As<\/p>\n","protected":false},"author":1,"featured_media":1347,"comment_status":"open","ping_status":"open","sticky":false,"template":"","format":"standard","meta":{"footnotes":""},"categories":[2],"tags":[],"class_list":["post-1920","post","type-post","status-publish","format-standard","has-post-thumbnail","hentry","category-noticias"],"_links":{"self":[{"href":"https:\/\/jornaloalvorada.com.br\/site\/wp-json\/wp\/v2\/posts\/1920","targetHints":{"allow":["GET"]}}],"collection":[{"href":"https:\/\/jornaloalvorada.com.br\/site\/wp-json\/wp\/v2\/posts"}],"about":[{"href":"https:\/\/jornaloalvorada.com.br\/site\/wp-json\/wp\/v2\/types\/post"}],"author":[{"embeddable":true,"href":"https:\/\/jornaloalvorada.com.br\/site\/wp-json\/wp\/v2\/users\/1"}],"replies":[{"embeddable":true,"href":"https:\/\/jornaloalvorada.com.br\/site\/wp-json\/wp\/v2\/comments?post=1920"}],"version-history":[{"count":1,"href":"https:\/\/jornaloalvorada.com.br\/site\/wp-json\/wp\/v2\/posts\/1920\/revisions"}],"predecessor-version":[{"id":1921,"href":"https:\/\/jornaloalvorada.com.br\/site\/wp-json\/wp\/v2\/posts\/1920\/revisions\/1921"}],"wp:featuredmedia":[{"embeddable":true,"href":"https:\/\/jornaloalvorada.com.br\/site\/wp-json\/wp\/v2\/media\/1347"}],"wp:attachment":[{"href":"https:\/\/jornaloalvorada.com.br\/site\/wp-json\/wp\/v2\/media?parent=1920"}],"wp:term":[{"taxonomy":"category","embeddable":true,"href":"https:\/\/jornaloalvorada.com.br\/site\/wp-json\/wp\/v2\/categories?post=1920"},{"taxonomy":"post_tag","embeddable":true,"href":"https:\/\/jornaloalvorada.com.br\/site\/wp-json\/wp\/v2\/tags?post=1920"}],"curies":[{"name":"wp","href":"https:\/\/api.w.org\/{rel}","templated":true}]}}