{"id":1838,"date":"2023-06-13T12:43:15","date_gmt":"2023-06-13T16:43:15","guid":{"rendered":"https:\/\/jornaloalvorada.com.br\/site\/?p=1838"},"modified":"2023-06-13T12:43:18","modified_gmt":"2023-06-13T16:43:18","slug":"avanco-de-frente-fria-causa-tempo-instavel-em-ms-nesta-terca-feira","status":"publish","type":"post","link":"https:\/\/jornaloalvorada.com.br\/site\/2023\/06\/13\/avanco-de-frente-fria-causa-tempo-instavel-em-ms-nesta-terca-feira\/","title":{"rendered":"Avan\u00e7o de frente fria causa tempo inst\u00e1vel em MS nesta ter\u00e7a-feira"},"content":{"rendered":"\n<p>A previs\u00e3o para ter\u00e7a-feira (13) indica tempo inst\u00e1vel devido ao avan\u00e7o de uma frente fria aliado ao intenso fluxo de umidade. Al\u00e9m disso, a passagem de um cavado e a atua\u00e7\u00e3o de uma \u00e1rea de baixa press\u00e3o atmosf\u00e9rica devem favorecer o aumento de nebulosidade e condi\u00e7\u00f5es de chuvas de intensidade moderada a forte em Mato Grosso do Sul.<\/p>\n\n\n\n<p>Devido a previs\u00e3o de nuvens e chuvas constantes, dever\u00e1 ocorrer pequena varia\u00e7\u00e3o entre a m\u00ednima e m\u00e1xima onde, por exemplo, em Ponta Por\u00e3 os term\u00f4metros marcam entre 7\u00b0C e 9\u00baC.<\/p>\n\n\n\n<p>Em Campo Grande, a m\u00ednima ser\u00e1 de 10\u00b0C e a m\u00e1xima de 14\u00b0C. Em Dourados ser\u00e1 mais frio, com a temperatura de 8\u00b0C no amanhecer e atingindo os 12\u00b0C ao longo desta ter\u00e7a-feira. Na regi\u00e3o cone-sul, em Iguatemi o dia come\u00e7a com 9\u00b0C e registra m\u00e1xima de 12\u00b0C. Em Tr\u00eas Lagoas, na regi\u00e3o do Bols\u00e3o, os term\u00f4metros marcam 14\u00b0C durante a manh\u00e3 e alcan\u00e7am os 19\u00b0C no per\u00edodo da tarde.<\/p>\n\n\n\n<p>No Pantanal, a m\u00ednima em Corumb\u00e1 ser\u00e1 de 9\u00b0C e a m\u00e1xima de 11\u00b0C. Na regi\u00e3o sudoeste, Porto Murtinho amanhece com temperatura de 10\u00b0C e atinge a m\u00e1xima de 12\u00b0C. No norte, a previs\u00e3o em Coxim registra varia\u00e7\u00e3o da temperatura entre 11\u00b0C e 18\u00b0C; e em Camapu\u00e3, entre 13\u00b0C e 19\u00b0C. As informa\u00e7\u00f5es s\u00e3o do Cemtec (Centro de Monitoramento do Tempo e do Clima).<\/p>\n\n\n\n<p><strong><em>Jo\u00e3o Pedro Flores, Programa de Est\u00e1gio Supervisionado<\/em><br><em>Foto: \u00c1lvaro Rezende<\/em><\/strong><\/p>\n","protected":false},"excerpt":{"rendered":"<p>A previs\u00e3o para ter\u00e7a-feira (13) indica tempo inst\u00e1vel devido ao avan\u00e7o de uma frente fria aliado ao intenso fluxo de<\/p>\n","protected":false},"author":1,"featured_media":1839,"comment_status":"open","ping_status":"open","sticky":false,"template":"","format":"standard","meta":{"footnotes":""},"categories":[2],"tags":[],"class_list":["post-1838","post","type-post","status-publish","format-standard","has-post-thumbnail","hentry","category-noticias"],"_links":{"self":[{"href":"https:\/\/jornaloalvorada.com.br\/site\/wp-json\/wp\/v2\/posts\/1838","targetHints":{"allow":["GET"]}}],"collection":[{"href":"https:\/\/jornaloalvorada.com.br\/site\/wp-json\/wp\/v2\/posts"}],"about":[{"href":"https:\/\/jornaloalvorada.com.br\/site\/wp-json\/wp\/v2\/types\/post"}],"author":[{"embeddable":true,"href":"https:\/\/jornaloalvorada.com.br\/site\/wp-json\/wp\/v2\/users\/1"}],"replies":[{"embeddable":true,"href":"https:\/\/jornaloalvorada.com.br\/site\/wp-json\/wp\/v2\/comments?post=1838"}],"version-history":[{"count":1,"href":"https:\/\/jornaloalvorada.com.br\/site\/wp-json\/wp\/v2\/posts\/1838\/revisions"}],"predecessor-version":[{"id":1840,"href":"https:\/\/jornaloalvorada.com.br\/site\/wp-json\/wp\/v2\/posts\/1838\/revisions\/1840"}],"wp:featuredmedia":[{"embeddable":true,"href":"https:\/\/jornaloalvorada.com.br\/site\/wp-json\/wp\/v2\/media\/1839"}],"wp:attachment":[{"href":"https:\/\/jornaloalvorada.com.br\/site\/wp-json\/wp\/v2\/media?parent=1838"}],"wp:term":[{"taxonomy":"category","embeddable":true,"href":"https:\/\/jornaloalvorada.com.br\/site\/wp-json\/wp\/v2\/categories?post=1838"},{"taxonomy":"post_tag","embeddable":true,"href":"https:\/\/jornaloalvorada.com.br\/site\/wp-json\/wp\/v2\/tags?post=1838"}],"curies":[{"name":"wp","href":"https:\/\/api.w.org\/{rel}","templated":true}]}}