{"id":1834,"date":"2023-06-12T14:41:00","date_gmt":"2023-06-12T18:41:00","guid":{"rendered":"https:\/\/jornaloalvorada.com.br\/site\/?p=1834"},"modified":"2023-06-12T14:43:50","modified_gmt":"2023-06-12T18:43:50","slug":"por-que-o-dia-dos-namorados-e-em-junho-no-brasil-e-em-fevereiro-no-resto-do-mundo","status":"publish","type":"post","link":"https:\/\/jornaloalvorada.com.br\/site\/2023\/06\/12\/por-que-o-dia-dos-namorados-e-em-junho-no-brasil-e-em-fevereiro-no-resto-do-mundo\/","title":{"rendered":"Por que o Dia dos Namorados \u00e9 em junho no Brasil e em fevereiro no resto do mundo?"},"content":{"rendered":"\n<h5 class=\"wp-block-heading\"><em><strong>No Brasil, junho foi escolhido para celebrar a data porque era justamente o m\u00eas de desaquecimento das vendas. O dia 12, por sua vez, \u00e9 a v\u00e9spera da celebra\u00e7\u00e3o de Santo Ant\u00f4nio, que j\u00e1 era famoso no Brasil por ser o santo casamenteiro.<\/strong><\/em><\/h5>\n\n\n\n<p>A ideia de estabelecer a comemora\u00e7\u00e3o veio do publicit\u00e1rio Jo\u00e3o Doria, pai do ex-prefeito de S\u00e3o Paulo Jo\u00e3o Doria Jr. Dono da ag\u00eancia Standart Propaganda, ele foi contratado pela loja Exposi\u00e7\u00e3o Clipper com o objetivo de melhorar o resultado das vendas em junho, que sempre eram muito fracas.<\/p>\n\n\n\n<p>Inspirado pelo sucesso do Dia das M\u00e3es, Doria instituiu outra data para trocar presentes no ano: o Dia dos Namorados.<\/p>\n\n\n\n<figure class=\"wp-block-image\"><img decoding=\"async\" src=\"https:\/\/s2-g1.glbimg.com\/ZCuWX_qPn6KrdZBJh-DjFfTD454=\/0x0:642x335\/984x0\/smart\/filters:strip_icc()\/i.s3.glbimg.com\/v1\/AUTH_59edd422c0c84a879bd37670ae4f538a\/internal_photos\/bs\/2023\/G\/Z\/0WckZLQb6C9UjeXcjUtQ\/1234.png\" alt=\"Outros pa\u00edses celebram a data em fevereiro \u2014 Foto: AFP\"\/><figcaption class=\"wp-element-caption\">Outros pa\u00edses celebram a data em fevereiro \u2014 Foto: AFP<\/figcaption><\/figure>\n\n\n\n<p>Junho foi escolhido porque era justamente o m\u00eas de desaquecimento das vendas. O dia 12 foi escolhido por ser v\u00e9spera da celebra\u00e7\u00e3o de Santo Ant\u00f4nio, que j\u00e1 era famoso no Brasil por ser o santo casamenteiro.<\/p>\n\n\n\n<p>Unindo, ent\u00e3o, o \u00fatil ao agrad\u00e1vel, Doria criou a primeira propaganda que instituiria a data no pa\u00eds.<\/p>\n\n\n\n<p>&#8220;N\u00e3o \u00e9 s\u00f3 com beijos que se prova o amor!&#8221;, dizia um slogan do primeiro Dia dos Namorados brasileiro. &#8220;N\u00e3o se esque\u00e7am: amor com amor se paga&#8221;, afirmava outro. A propaganda foi julgada a melhor do ano pela Associa\u00e7\u00e3o Paulista de Propaganda \u00e0 \u00e9poca.<\/p>\n\n\n\n<figure class=\"wp-block-image\"><img decoding=\"async\" src=\"https:\/\/s2-g1.glbimg.com\/PvSlczdGdftitA0XD6I3tOGW15g=\/0x0:976x549\/984x0\/smart\/filters:strip_icc()\/i.s3.glbimg.com\/v1\/AUTH_59edd422c0c84a879bd37670ae4f538a\/internal_photos\/bs\/2018\/a\/E\/gpO3k5TeuERbogZBkBBA\/2namorados.jpg\" alt=\"Slogan de propaganda do Dia dos Namorados criada por Jo\u00e3o Doria \u2014 Foto: TEXTO DE JO\u00c3O DORIA, ARTE DE FRITZ LESSIN\"\/><figcaption class=\"wp-element-caption\">Slogan de propaganda do Dia dos Namorados criada por Jo\u00e3o Doria \u2014 Foto: TEXTO DE JO\u00c3O DORIA, ARTE DE FRITZ LESSIN<\/figcaption><\/figure>\n\n\n\n<p>A data come\u00e7ou a &#8220;pegar&#8221; no Brasil no ano seguinte, quando mais regi\u00f5es come\u00e7aram a aderir &#8211; posteriormente, a comemora\u00e7\u00e3o se tornou nacional.<\/p>\n\n\n\n<p>Atualmente, o Dia dos Namorados j\u00e1 \u00e9 a terceira melhor data para o com\u00e9rcio no pa\u00eds &#8211; atr\u00e1s apenas do Natal e do Dia das M\u00e3es. A m\u00e9dia do faturamento do dia rom\u00e2ntico j\u00e1 chega perto de R$ 1,5 bilh\u00e3o.<\/p>\n\n\n\n<figure class=\"wp-block-image\"><img decoding=\"async\" src=\"https:\/\/s2-g1.glbimg.com\/H_hFu4JfPOFV0_hHJQNRdALO2Z0=\/0x0:976x549\/984x0\/smart\/filters:strip_icc()\/i.s3.glbimg.com\/v1\/AUTH_59edd422c0c84a879bd37670ae4f538a\/internal_photos\/bs\/2018\/K\/A\/8Zn5fKQDykaZEmSGjiBA\/3namorados.jpg\" alt=\"Outros pa\u00edses celebram a data em fevereiro \u2014 Foto: AFP\"\/><figcaption class=\"wp-element-caption\">Outros pa\u00edses celebram a data em fevereiro \u2014 Foto: AFP<\/figcaption><\/figure>\n\n\n\n<h2 class=\"wp-block-heading\">Dia de S\u00e3o Valentim<\/h2>\n\n\n\n<p>A origem do Valentine&#8217;s Day (Dia de S\u00e3o Valentim), celebrado nos Estados Unidos e na Europa, \u00e9 muito anterior ao Dia dos Namorados no Brasil. A data come\u00e7ou a ser celebrada no s\u00e9culo 5.<\/p>\n\n\n\n<p>H\u00e1 algumas explica\u00e7\u00f5es para a hist\u00f3ria, mas a mais famosa \u00e9 a de que S\u00e3o Valentim era um padre de Roma que foi condenado \u00e0 pena de morte no s\u00e9culo 3.<\/p>\n\n\n\n<p>Segundo esse relato, o imperador Claudio 2 baniu os casamentos naquele s\u00e9culo por acreditar que homens casados se tornavam soldados piores &#8211; a ideia dele era de que solteiros, sem qualquer responsabilidade familiar, poderiam render melhor no ex\u00e9rcito.<\/p>\n\n\n\n<p>Valetim, por\u00e9m, defendeu que o casamento era parte do plano de Deus e dava sentido ao mundo. Por isso, ele passou a quebrar a lei e organizar cerim\u00f4nias em segredo.<\/p>\n\n\n\n<figure class=\"wp-block-image\"><img decoding=\"async\" src=\"https:\/\/s2-g1.glbimg.com\/YOjWehkS9GzvJqsdjVjSgy2FjXI=\/0x0:635x320\/984x0\/smart\/filters:strip_icc()\/i.s3.glbimg.com\/v1\/AUTH_59edd422c0c84a879bd37670ae4f538a\/internal_photos\/bs\/2023\/4\/B\/AMBlIRTe2gPNFHlrZIzw\/11111.png\" alt=\"No Brasil, Santo Ant\u00f4nio \u00e9 mais famoso como casamenteiro do que S\u00e3o Valentim \u2014 Foto: GettyImages\"\/><figcaption class=\"wp-element-caption\">No Brasil, Santo Ant\u00f4nio \u00e9 mais famoso como casamenteiro do que S\u00e3o Valentim \u2014 Foto: GettyImages<\/figcaption><\/figure>\n\n\n\n<p>Quando o imperador descobriu, o padre foi preso e sentenciado \u00e0 morte no ano 270 d.C.<\/p>\n\n\n\n<p>Mas, durante o per\u00edodo em que ficou preso, Valentim se apaixonou pela filha de um carcereiro. No dia do cumprimento da senten\u00e7a, ele enviou uma carta de amor \u00e0 mo\u00e7a assinando &#8220;do seu Valentim&#8221; \u2013 o que originou a pr\u00e1tica moderna de enviar cart\u00f5es para a pessoa amada no dia 14 de fevereiro.<\/p>\n\n\n\n<p>Foi apenas dois s\u00e9culos depois que a data passou a ser efetivamente comemorada, quando o papa Gel\u00e1sio instituiu o Dia de S\u00e3o Valentim, classificando-o como s\u00edmbolo dos namorados.<\/p>\n\n\n\n<p>A comemora\u00e7\u00e3o foi criada quando a Igreja transformou em festa crist\u00e3 uma antiga tradi\u00e7\u00e3o pag\u00e3 \u2013 um festival romano de tr\u00eas dias chamado Lupercalia. O evento, ocorrido no meio de fevereiro, celebrava a fertilidade. Seu objetivo era marcar o in\u00edcio oficial da primavera.<\/p>\n\n\n\n<figure class=\"wp-block-image\"><img decoding=\"async\" src=\"https:\/\/s2-g1.glbimg.com\/RWDmyO8yGW9evXBs4X3XEPHltiE=\/0x0:976x549\/984x0\/smart\/filters:strip_icc()\/i.s3.glbimg.com\/v1\/AUTH_59edd422c0c84a879bd37670ae4f538a\/internal_photos\/bs\/2018\/M\/I\/51KLneSbqBnxjF3oxbuQ\/4namorados.jpg\" alt=\"Dia de S\u00e3o Valentim \u00e9 famoso at\u00e9 mesmo em alguns pa\u00edses mu\u00e7ulmanos - onde gera pol\u00eamica e protestos, muitas vezes \u2014 Foto: Reuters\"\/><figcaption class=\"wp-element-caption\">Dia de S\u00e3o Valentim \u00e9 famoso at\u00e9 mesmo em alguns pa\u00edses mu\u00e7ulmanos &#8211; onde gera pol\u00eamica e protestos, muitas vezes \u2014 Foto: Reuters<\/figcaption><\/figure>\n\n\n\n<p>Mas h\u00e1 ao menos outras duas figuras hist\u00f3ricas que disputaram o t\u00edtulo de S\u00e3o Valentim associado a essa data. Uma delas \u00e9 um bispo de uma cidade pr\u00f3xima a Roma &#8211; na regi\u00e3o da atual Terni &#8211; e a outra, um m\u00e1rtir do norte da \u00c1frica. Como n\u00e3o se sabe muito sobre essas duas outras figuras, o padre de Roma acabou se tornando o mais conhecido dos padroeiros dos namorados.<\/p>\n\n\n\n<p><strong><em>Fonte: G1<\/em><\/strong><\/p>\n","protected":false},"excerpt":{"rendered":"<p>No Brasil, junho foi escolhido para celebrar a data porque era justamente o m\u00eas de desaquecimento das vendas. O dia<\/p>\n","protected":false},"author":1,"featured_media":1835,"comment_status":"open","ping_status":"open","sticky":false,"template":"","format":"standard","meta":{"footnotes":""},"categories":[3],"tags":[],"class_list":["post-1834","post","type-post","status-publish","format-standard","has-post-thumbnail","hentry","category-social"],"_links":{"self":[{"href":"https:\/\/jornaloalvorada.com.br\/site\/wp-json\/wp\/v2\/posts\/1834","targetHints":{"allow":["GET"]}}],"collection":[{"href":"https:\/\/jornaloalvorada.com.br\/site\/wp-json\/wp\/v2\/posts"}],"about":[{"href":"https:\/\/jornaloalvorada.com.br\/site\/wp-json\/wp\/v2\/types\/post"}],"author":[{"embeddable":true,"href":"https:\/\/jornaloalvorada.com.br\/site\/wp-json\/wp\/v2\/users\/1"}],"replies":[{"embeddable":true,"href":"https:\/\/jornaloalvorada.com.br\/site\/wp-json\/wp\/v2\/comments?post=1834"}],"version-history":[{"count":2,"href":"https:\/\/jornaloalvorada.com.br\/site\/wp-json\/wp\/v2\/posts\/1834\/revisions"}],"predecessor-version":[{"id":1837,"href":"https:\/\/jornaloalvorada.com.br\/site\/wp-json\/wp\/v2\/posts\/1834\/revisions\/1837"}],"wp:featuredmedia":[{"embeddable":true,"href":"https:\/\/jornaloalvorada.com.br\/site\/wp-json\/wp\/v2\/media\/1835"}],"wp:attachment":[{"href":"https:\/\/jornaloalvorada.com.br\/site\/wp-json\/wp\/v2\/media?parent=1834"}],"wp:term":[{"taxonomy":"category","embeddable":true,"href":"https:\/\/jornaloalvorada.com.br\/site\/wp-json\/wp\/v2\/categories?post=1834"},{"taxonomy":"post_tag","embeddable":true,"href":"https:\/\/jornaloalvorada.com.br\/site\/wp-json\/wp\/v2\/tags?post=1834"}],"curies":[{"name":"wp","href":"https:\/\/api.w.org\/{rel}","templated":true}]}}