{"id":1830,"date":"2023-06-12T13:46:26","date_gmt":"2023-06-12T17:46:26","guid":{"rendered":"https:\/\/jornaloalvorada.com.br\/site\/?p=1830"},"modified":"2023-06-12T13:46:28","modified_gmt":"2023-06-12T17:46:28","slug":"ans-aprova-reajuste-de-ate-963-em-planos-de-saude-individuais-e-familiares","status":"publish","type":"post","link":"https:\/\/jornaloalvorada.com.br\/site\/2023\/06\/12\/ans-aprova-reajuste-de-ate-963-em-planos-de-saude-individuais-e-familiares\/","title":{"rendered":"ANS aprova reajuste de at\u00e9 9,63% em planos de sa\u00fade individuais e familiares"},"content":{"rendered":"\n<p>A <strong><a href=\"https:\/\/jovempan.com.br\/tag\/ans\">Ag\u00eancia Nacional de Sa\u00fade Suplementar<\/a><\/strong> (ANS) definiu nesta segunda-feira, 12, a porcentagem m\u00e1xima que as operadoras de sa\u00fade poder\u00e3o praticar no reajuste de seus planos individuais e familiares. O teto foi limitado\u00a0em 9,63%. Segundo o \u00f3rg\u00e3o, o percentual \u00e9 v\u00e1lido\u202fpara\u202fo per\u00edodo entre maio de 2023 e abril de 2024 para os contratos\u202fde quase\u202f8 milh\u00f5es\u202fde\u202fbenefici\u00e1rios, o que representa aproximadamente 16% dos 50,6 milh\u00f5es de consumidores de<a href=\"https:\/\/jovempan.com.br\/tag\/plano-de-saude\"><strong> planos de assist\u00eancia m\u00e9dica<\/strong><\/a> no Brasil. A ANS tamb\u00e9m informou que o reajuste poder\u00e1 ser aplicado pela operadora no m\u00eas de\u202fanivers\u00e1rio do contrato, ou seja, no m\u00eas da data de contrata\u00e7\u00e3o do plano, sendo que, no caso dos contratos com anivers\u00e1rio em maio, junho e julho, ser\u00e1 autorizada a cobran\u00e7a retroativa relativa a esses meses. \u201cO \u00edndice definido pela ANS para 2023 reflete a varia\u00e7\u00e3o das despesas assistenciais ocorridas em 2022 em compara\u00e7\u00e3o com as despesas assistenciais de 2021 de benefici\u00e1rios de planos de sa\u00fade individuais e familiares\u201d, explicou o diretor-presidente da ANS, Paulo Rebello.<\/p>\n\n\n\n<p>O valor cobrado pelos planos de sa\u00fade sofrem impactos de vari\u00e1veis como\u00a0a infla\u00e7\u00e3o, o aumento ou queda da frequ\u00eancia\u202fde\u202fuso do plano\u202fde\u202fsa\u00fade\u202fe\u202fos custos dos servi\u00e7os m\u00e9dicos\u202fe\u202fdos insumos, como produtos\u202fe\u202fequipamentos m\u00e9dicos. Segundo a ag\u00eancia, a \u00a0redu\u00e7\u00e3o do percentual de 15,5% de 2022 para 9,63% em 2023 mostra que a situa\u00e7\u00e3o do setor est\u00e1 voltando aos patamares normais de utiliza\u00e7\u00e3o.\u00a0\u201cO ano de 2021 mostrou a retomada da utiliza\u00e7\u00e3o dos servi\u00e7os m\u00e9dico-hospitalares e esse movimento cresceu at\u00e9 chegar em 2022, quando passou a ser observada uma frequ\u00eancia de uso do plano de sa\u00fade similar ao do per\u00edodo pr\u00e9-pandemia\u201d, analisa o diretor de Normas e Habilita\u00e7\u00e3o dos Produtos, Alexandre Fioranelli. \u201cEm linhas gerais, quando comparamos 2022 a 2021, notamos o crescimento do n\u00famero de benefici\u00e1rios, a eleva\u00e7\u00e3o dos custos dos insumos e um aumento seguido de estabiliza\u00e7\u00e3o da utiliza\u00e7\u00e3o dos servi\u00e7os de sa\u00fade suplementar\u201d, pontua.<\/p>\n\n\n\n<figure class=\"wp-block-image size-full\"><img loading=\"lazy\" decoding=\"async\" width=\"750\" height=\"366\" src=\"https:\/\/jornaloalvorada.com.br\/site\/wp-content\/uploads\/2023\/06\/image-1.png\" alt=\"\" class=\"wp-image-1831\" srcset=\"https:\/\/jornaloalvorada.com.br\/site\/wp-content\/uploads\/2023\/06\/image-1.png 750w, https:\/\/jornaloalvorada.com.br\/site\/wp-content\/uploads\/2023\/06\/image-1-300x146.png 300w\" sizes=\"auto, (max-width: 750px) 100vw, 750px\" \/><figcaption class=\"wp-element-caption\">Fonte: ANS\/Reprodu\u00e7\u00e3o<\/figcaption><\/figure>\n\n\n\n<p><strong><em>Fonte: Jovem Pan<\/em><\/strong><\/p>\n","protected":false},"excerpt":{"rendered":"<p>A Ag\u00eancia Nacional de Sa\u00fade Suplementar (ANS) definiu nesta segunda-feira, 12, a porcentagem m\u00e1xima que as operadoras de sa\u00fade poder\u00e3o<\/p>\n","protected":false},"author":1,"featured_media":1832,"comment_status":"open","ping_status":"open","sticky":false,"template":"","format":"standard","meta":{"footnotes":""},"categories":[2],"tags":[],"class_list":["post-1830","post","type-post","status-publish","format-standard","has-post-thumbnail","hentry","category-noticias"],"_links":{"self":[{"href":"https:\/\/jornaloalvorada.com.br\/site\/wp-json\/wp\/v2\/posts\/1830","targetHints":{"allow":["GET"]}}],"collection":[{"href":"https:\/\/jornaloalvorada.com.br\/site\/wp-json\/wp\/v2\/posts"}],"about":[{"href":"https:\/\/jornaloalvorada.com.br\/site\/wp-json\/wp\/v2\/types\/post"}],"author":[{"embeddable":true,"href":"https:\/\/jornaloalvorada.com.br\/site\/wp-json\/wp\/v2\/users\/1"}],"replies":[{"embeddable":true,"href":"https:\/\/jornaloalvorada.com.br\/site\/wp-json\/wp\/v2\/comments?post=1830"}],"version-history":[{"count":1,"href":"https:\/\/jornaloalvorada.com.br\/site\/wp-json\/wp\/v2\/posts\/1830\/revisions"}],"predecessor-version":[{"id":1833,"href":"https:\/\/jornaloalvorada.com.br\/site\/wp-json\/wp\/v2\/posts\/1830\/revisions\/1833"}],"wp:featuredmedia":[{"embeddable":true,"href":"https:\/\/jornaloalvorada.com.br\/site\/wp-json\/wp\/v2\/media\/1832"}],"wp:attachment":[{"href":"https:\/\/jornaloalvorada.com.br\/site\/wp-json\/wp\/v2\/media?parent=1830"}],"wp:term":[{"taxonomy":"category","embeddable":true,"href":"https:\/\/jornaloalvorada.com.br\/site\/wp-json\/wp\/v2\/categories?post=1830"},{"taxonomy":"post_tag","embeddable":true,"href":"https:\/\/jornaloalvorada.com.br\/site\/wp-json\/wp\/v2\/tags?post=1830"}],"curies":[{"name":"wp","href":"https:\/\/api.w.org\/{rel}","templated":true}]}}