{"id":1810,"date":"2023-06-09T12:22:27","date_gmt":"2023-06-09T16:22:27","guid":{"rendered":"https:\/\/jornaloalvorada.com.br\/site\/?p=1810"},"modified":"2023-06-09T12:22:29","modified_gmt":"2023-06-09T16:22:29","slug":"destaque-valdemar-marques-e-daiane","status":"publish","type":"post","link":"https:\/\/jornaloalvorada.com.br\/site\/2023\/06\/09\/destaque-valdemar-marques-e-daiane\/","title":{"rendered":"Destaque: Valdemar Marques e Daiane"},"content":{"rendered":"\n<p>DESTAQUE-DETAKO NESTA EDI\u00c7\u00c3O ESSA FAM\u00cdLIA ILUMINADA-VALDEMAR MARQUES COM ESPOSA DAIANE E FILHO.<\/p>\n","protected":false},"excerpt":{"rendered":"<p>DESTAQUE-DETAKO NESTA EDI\u00c7\u00c3O ESSA FAM\u00cdLIA ILUMINADA-VALDEMAR MARQUES COM ESPOSA DAIANE E FILHO.<\/p>\n","protected":false},"author":1,"featured_media":1811,"comment_status":"open","ping_status":"open","sticky":false,"template":"","format":"standard","meta":{"footnotes":""},"categories":[3],"tags":[],"class_list":["post-1810","post","type-post","status-publish","format-standard","has-post-thumbnail","hentry","category-social"],"_links":{"self":[{"href":"https:\/\/jornaloalvorada.com.br\/site\/wp-json\/wp\/v2\/posts\/1810","targetHints":{"allow":["GET"]}}],"collection":[{"href":"https:\/\/jornaloalvorada.com.br\/site\/wp-json\/wp\/v2\/posts"}],"about":[{"href":"https:\/\/jornaloalvorada.com.br\/site\/wp-json\/wp\/v2\/types\/post"}],"author":[{"embeddable":true,"href":"https:\/\/jornaloalvorada.com.br\/site\/wp-json\/wp\/v2\/users\/1"}],"replies":[{"embeddable":true,"href":"https:\/\/jornaloalvorada.com.br\/site\/wp-json\/wp\/v2\/comments?post=1810"}],"version-history":[{"count":1,"href":"https:\/\/jornaloalvorada.com.br\/site\/wp-json\/wp\/v2\/posts\/1810\/revisions"}],"predecessor-version":[{"id":1812,"href":"https:\/\/jornaloalvorada.com.br\/site\/wp-json\/wp\/v2\/posts\/1810\/revisions\/1812"}],"wp:featuredmedia":[{"embeddable":true,"href":"https:\/\/jornaloalvorada.com.br\/site\/wp-json\/wp\/v2\/media\/1811"}],"wp:attachment":[{"href":"https:\/\/jornaloalvorada.com.br\/site\/wp-json\/wp\/v2\/media?parent=1810"}],"wp:term":[{"taxonomy":"category","embeddable":true,"href":"https:\/\/jornaloalvorada.com.br\/site\/wp-json\/wp\/v2\/categories?post=1810"},{"taxonomy":"post_tag","embeddable":true,"href":"https:\/\/jornaloalvorada.com.br\/site\/wp-json\/wp\/v2\/tags?post=1810"}],"curies":[{"name":"wp","href":"https:\/\/api.w.org\/{rel}","templated":true}]}}