{"id":1806,"date":"2023-06-09T11:48:50","date_gmt":"2023-06-09T15:48:50","guid":{"rendered":"https:\/\/jornaloalvorada.com.br\/site\/?p=1806"},"modified":"2023-06-09T11:48:52","modified_gmt":"2023-06-09T15:48:52","slug":"clima-de-tensao-toma-conta-do-governo-lula","status":"publish","type":"post","link":"https:\/\/jornaloalvorada.com.br\/site\/2023\/06\/09\/clima-de-tensao-toma-conta-do-governo-lula\/","title":{"rendered":"Clima de tens\u00e3o toma conta do governo Lula"},"content":{"rendered":"\n<p>A ministra do Meio Ambiente, Marina Silva, tem evitado criticar abertamente o senador Randolfe Rodrigues (sem partido-AP), que anteriormente fazia parte de seu partido, a Rede, mas saiu com ressentimentos.<\/p>\n\n\n\n<p>Conforme apura\u00e7\u00f5es do Conex\u00e3o Pol\u00edtica, interlocutores t\u00eam dito que ela prefere atribuir parte da responsabilidade pela perda de atribui\u00e7\u00f5es de sua pasta ao senador Davi Alcolumbre (Uni\u00e3o Brasil-AP).<\/p>\n\n\n\n<p>Foi Alcolumbre quem presidiu a comiss\u00e3o mista respons\u00e1vel por analisar a medida provis\u00f3ria de estrutura\u00e7\u00e3o do governo de Lula e aprovou um relat\u00f3rio que enfraqueceu o Minist\u00e9rio do Meio Ambiente.<\/p>\n\n\n\n<p>No entanto, nos bastidores, Marina estaria fazendo quest\u00e3o de enfatizar que Alcolumbre e Randolfe s\u00e3o do estado do Amap\u00e1 e se uniram para criticar a decis\u00e3o do Ibama de vetar o estudo sobre a viabilidade de explora\u00e7\u00e3o de petr\u00f3leo na foz do Amazonas por parte da Petrobras.<\/p>\n\n\n\n<p><strong><em>Fonte: Terra Brasil Not\u00edcias<\/em><\/strong><\/p>\n","protected":false},"excerpt":{"rendered":"<p>A ministra do Meio Ambiente, Marina Silva, tem evitado criticar abertamente o senador Randolfe Rodrigues (sem partido-AP), que anteriormente fazia<\/p>\n","protected":false},"author":1,"featured_media":1807,"comment_status":"open","ping_status":"open","sticky":false,"template":"","format":"standard","meta":{"footnotes":""},"categories":[2],"tags":[],"class_list":["post-1806","post","type-post","status-publish","format-standard","has-post-thumbnail","hentry","category-noticias"],"_links":{"self":[{"href":"https:\/\/jornaloalvorada.com.br\/site\/wp-json\/wp\/v2\/posts\/1806","targetHints":{"allow":["GET"]}}],"collection":[{"href":"https:\/\/jornaloalvorada.com.br\/site\/wp-json\/wp\/v2\/posts"}],"about":[{"href":"https:\/\/jornaloalvorada.com.br\/site\/wp-json\/wp\/v2\/types\/post"}],"author":[{"embeddable":true,"href":"https:\/\/jornaloalvorada.com.br\/site\/wp-json\/wp\/v2\/users\/1"}],"replies":[{"embeddable":true,"href":"https:\/\/jornaloalvorada.com.br\/site\/wp-json\/wp\/v2\/comments?post=1806"}],"version-history":[{"count":1,"href":"https:\/\/jornaloalvorada.com.br\/site\/wp-json\/wp\/v2\/posts\/1806\/revisions"}],"predecessor-version":[{"id":1808,"href":"https:\/\/jornaloalvorada.com.br\/site\/wp-json\/wp\/v2\/posts\/1806\/revisions\/1808"}],"wp:featuredmedia":[{"embeddable":true,"href":"https:\/\/jornaloalvorada.com.br\/site\/wp-json\/wp\/v2\/media\/1807"}],"wp:attachment":[{"href":"https:\/\/jornaloalvorada.com.br\/site\/wp-json\/wp\/v2\/media?parent=1806"}],"wp:term":[{"taxonomy":"category","embeddable":true,"href":"https:\/\/jornaloalvorada.com.br\/site\/wp-json\/wp\/v2\/categories?post=1806"},{"taxonomy":"post_tag","embeddable":true,"href":"https:\/\/jornaloalvorada.com.br\/site\/wp-json\/wp\/v2\/tags?post=1806"}],"curies":[{"name":"wp","href":"https:\/\/api.w.org\/{rel}","templated":true}]}}