{"id":1777,"date":"2023-06-05T09:45:35","date_gmt":"2023-06-05T13:45:35","guid":{"rendered":"https:\/\/jornaloalvorada.com.br\/site\/?p=1777"},"modified":"2023-06-05T09:45:38","modified_gmt":"2023-06-05T13:45:38","slug":"semana-comeca-com-aumento-gradativo-dos-termometros-e-com-queda-da-umidade-relativa-do-ar","status":"publish","type":"post","link":"https:\/\/jornaloalvorada.com.br\/site\/2023\/06\/05\/semana-comeca-com-aumento-gradativo-dos-termometros-e-com-queda-da-umidade-relativa-do-ar\/","title":{"rendered":"Semana come\u00e7a com aumento gradativo dos term\u00f4metros e com queda da umidade relativa do ar"},"content":{"rendered":"\n<p>A semana come\u00e7a nesta segunda-feira (05) em Mato Grosso do Sul com previs\u00e3o de tempo inst\u00e1vel, com sol variando entre nuvens em todo o Estado devido a atua\u00e7\u00e3o de sistemas de alta press\u00e3o atmosf\u00e9rica \u2013 ou seja, massa de ar que favorece o tempo seco.<\/p>\n\n\n\n<p>De acordo com o Cemtec (Centro de Monitoramento do Tempo e do Clima) de Mato Grosso do Sul, as temperaturas devem ter registros acima dos 20\u00b0C. Devido as condi\u00e7\u00f5es de c\u00e9u limpo e amplitudes t\u00e9rmicas, as diferen\u00e7as entre as m\u00e1ximas e a m\u00ednimas seguem acentuadas.<\/p>\n\n\n\n<p>As temperaturas seguem mais amenas nas madrugadas e no amanhecer, com gradativa eleva\u00e7\u00e3o durante o dia. Durante a semana, as temperaturas maximas estar\u00e3o em eleva\u00e7\u00e3o e os indices de umidade ficam mais baixos, entre 25% e 45%, principalmente nas regi\u00f5es norte e pantaneira.<\/p>\n\n\n\n<p>O Cemtec prev\u00ea que a m\u00ednina no norte do Estado seja de 15\u00b0C, com m\u00e1xima de 32\u00b0C, enquanto na regi\u00e3o sul essa varia\u00e7\u00e3o nos term\u00f4metros vai dos 13\u00b0C at\u00e9 os 26\u00b0C. J\u00e1 em Campo Grande, a m\u00ednima prevista \u00e9 de 15\u00b0C, chegando a m\u00e1xima a at\u00e9 28\u00b0C.<\/p>\n\n\n\n<p>As rajadas de vento n\u00e3o devem ultrapassar a m\u00e9dia dos 50 km\/h \u2013 algo que pode ocorrer apenas ocasionalmente. A dire\u00e7\u00e3o desses ventos deve ser o leste\/nordeste.<\/p>\n\n\n\n<p><strong><em>Nyelder Rodrigues, Comunica\u00e7\u00e3o Governo de MS<\/em><br><em>Foto: Bruno Rezende<\/em><\/strong><\/p>\n","protected":false},"excerpt":{"rendered":"<p>A semana come\u00e7a nesta segunda-feira (05) em Mato Grosso do Sul com previs\u00e3o de tempo inst\u00e1vel, com sol variando entre<\/p>\n","protected":false},"author":1,"featured_media":1778,"comment_status":"open","ping_status":"open","sticky":false,"template":"","format":"standard","meta":{"footnotes":""},"categories":[2],"tags":[],"class_list":["post-1777","post","type-post","status-publish","format-standard","has-post-thumbnail","hentry","category-noticias"],"_links":{"self":[{"href":"https:\/\/jornaloalvorada.com.br\/site\/wp-json\/wp\/v2\/posts\/1777","targetHints":{"allow":["GET"]}}],"collection":[{"href":"https:\/\/jornaloalvorada.com.br\/site\/wp-json\/wp\/v2\/posts"}],"about":[{"href":"https:\/\/jornaloalvorada.com.br\/site\/wp-json\/wp\/v2\/types\/post"}],"author":[{"embeddable":true,"href":"https:\/\/jornaloalvorada.com.br\/site\/wp-json\/wp\/v2\/users\/1"}],"replies":[{"embeddable":true,"href":"https:\/\/jornaloalvorada.com.br\/site\/wp-json\/wp\/v2\/comments?post=1777"}],"version-history":[{"count":1,"href":"https:\/\/jornaloalvorada.com.br\/site\/wp-json\/wp\/v2\/posts\/1777\/revisions"}],"predecessor-version":[{"id":1779,"href":"https:\/\/jornaloalvorada.com.br\/site\/wp-json\/wp\/v2\/posts\/1777\/revisions\/1779"}],"wp:featuredmedia":[{"embeddable":true,"href":"https:\/\/jornaloalvorada.com.br\/site\/wp-json\/wp\/v2\/media\/1778"}],"wp:attachment":[{"href":"https:\/\/jornaloalvorada.com.br\/site\/wp-json\/wp\/v2\/media?parent=1777"}],"wp:term":[{"taxonomy":"category","embeddable":true,"href":"https:\/\/jornaloalvorada.com.br\/site\/wp-json\/wp\/v2\/categories?post=1777"},{"taxonomy":"post_tag","embeddable":true,"href":"https:\/\/jornaloalvorada.com.br\/site\/wp-json\/wp\/v2\/tags?post=1777"}],"curies":[{"name":"wp","href":"https:\/\/api.w.org\/{rel}","templated":true}]}}