{"id":1755,"date":"2023-06-01T17:58:25","date_gmt":"2023-06-01T21:58:25","guid":{"rendered":"https:\/\/jornaloalvorada.com.br\/site\/?p=1755"},"modified":"2023-06-01T17:58:28","modified_gmt":"2023-06-01T21:58:28","slug":"nova-york-esta-afundando-veja-motivo","status":"publish","type":"post","link":"https:\/\/jornaloalvorada.com.br\/site\/2023\/06\/01\/nova-york-esta-afundando-veja-motivo\/","title":{"rendered":"Nova York est\u00e1 afundando; VEJA MOTIVO"},"content":{"rendered":"\n<p>Nova York \u00e9 conhecida como a cidade que nunca dorme, e agora seus moradores t\u00eam mais um motivo para ficarem acordados \u00e0 noite. A cidade tamb\u00e9m est\u00e1 afundando.<\/p>\n\n\n\n<p>A \u201cBig Apple\u201d est\u00e1 gradualmente \u201cafundando\u201d, em parte por causa do peso dos arranha-c\u00e9us que tornam a selva de concreto t\u00e3o famosa, afirma um novo estudo.<\/p>\n\n\n\n<p>Esse afundamento torna a metr\u00f3pole mais vulner\u00e1vel ao aumento do n\u00edvel do mar e \u00e0s inunda\u00e7\u00f5es costeiras causadas pelas mudan\u00e7as clim\u00e1ticas, observaram os pesquisadores.<\/p>\n\n\n\n<p>O artigo, publicado neste m\u00eas na revista Earth\u2019s Future, procurou estimar como a vasta infraestrutura da cidade impacta a subsid\u00eancia.<\/p>\n\n\n\n<p>A subsid\u00eancia \u00e9 o afundamento da massa de terra causado por processos naturais, como eros\u00e3o, ou pela atividade humana, como a extra\u00e7\u00e3o de minerais.<\/p>\n\n\n\n<p>Os ge\u00f3logos calculam que os mais de 1 milh\u00e3o de pr\u00e9dios de Nova York somam uma massa total de 762 bilh\u00f5es de quilos. Segundo a CNN, \u00e9 o equivalente a cerca de 1,9 milh\u00e3o de Boeings 747-400 totalmente abastecidos.<\/p>\n\n\n\n<p>O estudo concluiu que a capital financeira dos Estados Unidos est\u00e1 afundando a um ritmo m\u00e9dio de 1 a 2 mil\u00edmetros por ano. Algumas \u00e1reas constru\u00eddas em rochas mais moles ou aterros artificiais afundaram at\u00e9 4 mil\u00edmetros e meio por ano, acrescentou o estudo.<\/p>\n\n\n\n<p>Mas construir menos arranha-c\u00e9us n\u00e3o resolver\u00e1 o problema, disse \u00e0 AFP o autor principal, Tom Parsons.<\/p>\n\n\n\n<p>\u201cA principal causa da subsid\u00eancia em Nova York e em grande parte da costa leste \u00e9 tect\u00f4nica e n\u00e3o pode ser interrompida\u201d, explicou o geof\u00edsico da US Geological Survey.<\/p>\n\n\n\n<p>A subsid\u00eancia deve exacerbar o impacto do aumento do n\u00edvel do mar causado pelo aquecimento das temperaturas e pelo derretimento das calotas polares do mundo.<\/p>\n\n\n\n<p>A organiza\u00e7\u00e3o Sea Level Rise.org diz que os n\u00edveis da \u00e1gua ao redor de Nova York s\u00e3o 22,8 cent\u00edmetros mais altos do que eram em 1950. O governo da cidade prev\u00ea que as \u00e1guas circundantes subir\u00e3o entre 20 cent\u00edmetros e 76 cent\u00edmetros at\u00e9 2050.<\/p>\n\n\n\n<p>O estado est\u00e1 gastando bilh\u00f5es de d\u00f3lares construindo represas, elevando estradas e melhorando a drenagem para mitigar os riscos. Mas as \u00e1reas baixas j\u00e1 sentiram o impacto das enchentes devastadoras causadas por tempestades mais intensas.<\/p>\n\n\n\n<p>O furac\u00e3o Sandy, em 2012, matou mais de 40 nova-iorquinos, destruiu aproximadamente 300 casas e deixou dezenas de milhares de pessoas sem energia. O furac\u00e3o Ida, em 2021, deixou mais de uma d\u00fazia de mortos na cidade de Nova York, dos quais muitos n\u00e3o conseguiram escapar de seus por\u00f5es inundados.<\/p>\n\n\n\n<p>Segundo Parsons, \u00e9 imposs\u00edvel dizer quando partes Nova York ficar\u00e3o debaixo d\u2019\u00e1gua, mas isso vai acontecer.<\/p>\n\n\n\n<p>\u201c\u00c9 muito dif\u00edcil prever at\u00e9 mesmo quando teremos um momento ruim, porque, embora a subsid\u00eancia da cidade seja relativamente constante, as previs\u00f5es para o aumento do n\u00edvel do mar s\u00e3o incertas e dependem das futuras taxas de emiss\u00f5es de gases de efeito estufa\u201d, disse \u00e0 AFP.<\/p>\n\n\n\n<p>Nova York n\u00e3o \u00e9 a \u00fanica grande cidade do mundo que est\u00e1 afundando.<\/p>\n\n\n\n<p>A subsid\u00eancia e o aumento dos n\u00edveis da \u00e1gua alimentam os temores de que Veneza um dia possa ficar totalmente submersa. Jacarta est\u00e1 afundando a um ritmo t\u00e3o alarmante devido \u00e0 extra\u00e7\u00e3o excessiva de \u00e1gua subterr\u00e2nea que a Indon\u00e9sia est\u00e1 realocando para sua capital.<\/p>\n\n\n\n<p><strong><em>Cr\u00e9dito: Terra Brasil Not\u00edcias<\/em><\/strong><\/p>\n","protected":false},"excerpt":{"rendered":"<p>Nova York \u00e9 conhecida como a cidade que nunca dorme, e agora seus moradores t\u00eam mais um motivo para ficarem<\/p>\n","protected":false},"author":1,"featured_media":1756,"comment_status":"open","ping_status":"open","sticky":false,"template":"","format":"standard","meta":{"footnotes":""},"categories":[3],"tags":[],"class_list":["post-1755","post","type-post","status-publish","format-standard","has-post-thumbnail","hentry","category-social"],"_links":{"self":[{"href":"https:\/\/jornaloalvorada.com.br\/site\/wp-json\/wp\/v2\/posts\/1755","targetHints":{"allow":["GET"]}}],"collection":[{"href":"https:\/\/jornaloalvorada.com.br\/site\/wp-json\/wp\/v2\/posts"}],"about":[{"href":"https:\/\/jornaloalvorada.com.br\/site\/wp-json\/wp\/v2\/types\/post"}],"author":[{"embeddable":true,"href":"https:\/\/jornaloalvorada.com.br\/site\/wp-json\/wp\/v2\/users\/1"}],"replies":[{"embeddable":true,"href":"https:\/\/jornaloalvorada.com.br\/site\/wp-json\/wp\/v2\/comments?post=1755"}],"version-history":[{"count":1,"href":"https:\/\/jornaloalvorada.com.br\/site\/wp-json\/wp\/v2\/posts\/1755\/revisions"}],"predecessor-version":[{"id":1757,"href":"https:\/\/jornaloalvorada.com.br\/site\/wp-json\/wp\/v2\/posts\/1755\/revisions\/1757"}],"wp:featuredmedia":[{"embeddable":true,"href":"https:\/\/jornaloalvorada.com.br\/site\/wp-json\/wp\/v2\/media\/1756"}],"wp:attachment":[{"href":"https:\/\/jornaloalvorada.com.br\/site\/wp-json\/wp\/v2\/media?parent=1755"}],"wp:term":[{"taxonomy":"category","embeddable":true,"href":"https:\/\/jornaloalvorada.com.br\/site\/wp-json\/wp\/v2\/categories?post=1755"},{"taxonomy":"post_tag","embeddable":true,"href":"https:\/\/jornaloalvorada.com.br\/site\/wp-json\/wp\/v2\/tags?post=1755"}],"curies":[{"name":"wp","href":"https:\/\/api.w.org\/{rel}","templated":true}]}}