{"id":1742,"date":"2023-05-31T13:16:25","date_gmt":"2023-05-31T17:16:25","guid":{"rendered":"https:\/\/jornaloalvorada.com.br\/site\/?p=1742"},"modified":"2023-05-31T13:16:28","modified_gmt":"2023-05-31T17:16:28","slug":"palestra-sobre-alimentacao-com-a-nutricionista-ramona-polla","status":"publish","type":"post","link":"https:\/\/jornaloalvorada.com.br\/site\/2023\/05\/31\/palestra-sobre-alimentacao-com-a-nutricionista-ramona-polla\/","title":{"rendered":"Palestra sobre alimenta\u00e7\u00e3o com a nutricionista Ramona Polla"},"content":{"rendered":"\n<p>Na tarde de quinta-feira (5), em comemora\u00e7\u00e3o ao m\u00eas das m\u00e3es, foi realizado na ESF Leonora Dias de Brito uma palestra sobre alimenta\u00e7\u00e3o com a nutricionista Ramona Polla.<br><br>Durante o encontro a sra Aneum\u00e1ria Mesquita Pereira, m\u00e3e da nossa secret\u00e1ria de sa\u00fade Aline Mesquita foi homenageada representando todas as m\u00e3es neste m\u00eas t\u00e3o especial.<br><br>Esteve presente o m\u00fasico Izael Viana professor de violino e para finalizar foi ofertado um delicioso lanche da tarde com sorteio de brindes. Participa\u00e7\u00e3o de toda a equipe na organiza\u00e7\u00e3o com um destaque especial a acs Fl\u00e1via Beatriz.<\/p>\n","protected":false},"excerpt":{"rendered":"<p>Na tarde de quinta-feira (5), em comemora\u00e7\u00e3o ao m\u00eas das m\u00e3es, foi realizado na ESF Leonora Dias de Brito uma<\/p>\n","protected":false},"author":1,"featured_media":1743,"comment_status":"open","ping_status":"open","sticky":false,"template":"","format":"standard","meta":{"footnotes":""},"categories":[3],"tags":[],"class_list":["post-1742","post","type-post","status-publish","format-standard","has-post-thumbnail","hentry","category-social"],"_links":{"self":[{"href":"https:\/\/jornaloalvorada.com.br\/site\/wp-json\/wp\/v2\/posts\/1742","targetHints":{"allow":["GET"]}}],"collection":[{"href":"https:\/\/jornaloalvorada.com.br\/site\/wp-json\/wp\/v2\/posts"}],"about":[{"href":"https:\/\/jornaloalvorada.com.br\/site\/wp-json\/wp\/v2\/types\/post"}],"author":[{"embeddable":true,"href":"https:\/\/jornaloalvorada.com.br\/site\/wp-json\/wp\/v2\/users\/1"}],"replies":[{"embeddable":true,"href":"https:\/\/jornaloalvorada.com.br\/site\/wp-json\/wp\/v2\/comments?post=1742"}],"version-history":[{"count":1,"href":"https:\/\/jornaloalvorada.com.br\/site\/wp-json\/wp\/v2\/posts\/1742\/revisions"}],"predecessor-version":[{"id":1744,"href":"https:\/\/jornaloalvorada.com.br\/site\/wp-json\/wp\/v2\/posts\/1742\/revisions\/1744"}],"wp:featuredmedia":[{"embeddable":true,"href":"https:\/\/jornaloalvorada.com.br\/site\/wp-json\/wp\/v2\/media\/1743"}],"wp:attachment":[{"href":"https:\/\/jornaloalvorada.com.br\/site\/wp-json\/wp\/v2\/media?parent=1742"}],"wp:term":[{"taxonomy":"category","embeddable":true,"href":"https:\/\/jornaloalvorada.com.br\/site\/wp-json\/wp\/v2\/categories?post=1742"},{"taxonomy":"post_tag","embeddable":true,"href":"https:\/\/jornaloalvorada.com.br\/site\/wp-json\/wp\/v2\/tags?post=1742"}],"curies":[{"name":"wp","href":"https:\/\/api.w.org\/{rel}","templated":true}]}}