{"id":1695,"date":"2023-05-29T15:30:02","date_gmt":"2023-05-29T19:30:02","guid":{"rendered":"https:\/\/jornaloalvorada.com.br\/site\/?p=1695"},"modified":"2023-05-29T15:30:06","modified_gmt":"2023-05-29T19:30:06","slug":"maior-investimento-na-historia-da-saude-prefeito-paleari-ja-entregou-a-6a-farmacia-publica-de-nova-alvorada-do-sul","status":"publish","type":"post","link":"https:\/\/jornaloalvorada.com.br\/site\/2023\/05\/29\/maior-investimento-na-historia-da-saude-prefeito-paleari-ja-entregou-a-6a-farmacia-publica-de-nova-alvorada-do-sul\/","title":{"rendered":"Maior Investimento na hist\u00f3ria da Sa\u00fade: Prefeito Paleari j\u00e1 entregou a 6\u00aa Farm\u00e1cia P\u00fablica de Nova Alvorada do Sul"},"content":{"rendered":"\n<p>No \u00faltimo dia 20 de Maio, o prefeito Jos\u00e9 Paulo Paleari realizou a entrega da 6\u00aa farm\u00e1cia p\u00fablica de Nova Alvorada do Sul. Essa conquista representa um marco importante para a sa\u00fade p\u00fablica do munic\u00edpio, proporcionando a um acesso mais f\u00e1cil aos medicamentos essenciais para a popula\u00e7\u00e3o.<\/p>\n\n\n\n<p>O evento de entrega foi al\u00e9m de uma simples inaugura\u00e7\u00e3o, sendo um reflexo dos investimentos importantes realizados na \u00e1rea da sa\u00fade. A abertura desta nova farm\u00e1cia refor\u00e7a o compromisso da administra\u00e7\u00e3o municipal em oferecer cuidados de sa\u00fade de qualidade e fortalecer a infraestrutura de atendimento m\u00e9dico.<\/p>\n\n\n\n<p>Em seus 31 anos de emancipa\u00e7\u00e3o, os cidad\u00e3os de Nova Alvorada do Sul nunca tiveram acesso t\u00e3o facilitado a farm\u00e1cias p\u00fablicas e a tantos outros benef\u00edcios oferecidos pela Secretaria Municipal de Sa\u00fade. Essas unidades foram estrategicamente distribu\u00eddas para atender \u00e0s demandas tanto da comunidade urbana quanto da zona rural.<\/p>\n\n\n\n<p>Esse investimento evidencia o comprometimento do prefeito Paleari e da administra\u00e7\u00e3o municipal em melhorar a qualidade de vida da popula\u00e7\u00e3o. Com a amplia\u00e7\u00e3o dos servi\u00e7os farmac\u00eauticos, o acesso aos medicamentos torna-se mais f\u00e1cil e conveniente para os moradores, especialmente para aqueles que enfrentam dificuldades de deslocamento ou possuem recursos financeiros limitados.<\/p>\n\n\n\n<p>A inaugura\u00e7\u00e3o da sexta farm\u00e1cia p\u00fablica em Nova Alvorada do Sul \u00e9 um importante marco para a nossa cidade. \u201cEstamos investindo na sa\u00fade da popula\u00e7\u00e3o e garantindo um acesso facilitado aos medicamentos essenciais. Essa conquista reflete o compromisso da nossa administra\u00e7\u00e3o em oferecer cuidados de qualidade e fortalecer a infraestrutura m\u00e9dica. Estamos melhorando a qualidade de vida dos nossos mun\u00edcipes e ampliando os servi\u00e7os farmac\u00eauticos. \u00c9 um passo importante para garantir um atendimento eficiente e acess\u00edvel para todos. Continuaremos trabalhando em prol da sa\u00fade da nossa comunidade,&#8221; disse Paleari.<\/p>\n\n\n\n<p>Agora, todas as regi\u00f5es da cidade contam com uma farm\u00e1cia b\u00e1sica. A regi\u00e3o do Bairro Vacilio Dias, que possui uma grande demanda de atendimento, est\u00e1 sendo beneficiada com a nova unidade, trazendo mais agilidade e reduzindo a sobrecarga das outras unidades existentes, proporcionando um atendimento mais eficiente. Os moradores dos bairros Vacilio Dias, Nilton Nogueira I e II, Jardim Indai\u00e1, Wilson Cardoso, Get\u00falio Barroso e regi\u00e3o foram beneficiados com essa nova unidade.<\/p>\n\n\n\n<p>Al\u00e9m das farm\u00e1cias presentes na cidade, a zona rural tamb\u00e9m est\u00e1 sendo cuidadosamente atendida, atualmente est\u00e3o sendo disponibilizadas duas farm\u00e1cias para atender \u00e0s necessidades da popula\u00e7\u00e3o rural.<\/p>\n\n\n\n<p>As farm\u00e1cias est\u00e3o distribu\u00eddas nas Unidades de Sa\u00fade Izabel Menezes, Leonora Dias de Brito, Donizete Messias e Unidade de Sa\u00fade Laurita Dias (com farm\u00e1cia em funcionamento nos tr\u00eas per\u00edodos). Al\u00e9m disso, h\u00e1 mais duas farm\u00e1cias b\u00e1sicas, uma no Distrito Pana e outra no Assentamento Bebedouro.<\/p>\n\n\n\n<figure class=\"wp-block-image size-large\"><img loading=\"lazy\" decoding=\"async\" width=\"1024\" height=\"768\" src=\"https:\/\/jornaloalvorada.com.br\/site\/wp-content\/uploads\/2023\/05\/WhatsApp-Image-2023-05-29-at-15.12.37-1024x768.jpeg\" alt=\"\" class=\"wp-image-1700\" srcset=\"https:\/\/jornaloalvorada.com.br\/site\/wp-content\/uploads\/2023\/05\/WhatsApp-Image-2023-05-29-at-15.12.37-1024x768.jpeg 1024w, https:\/\/jornaloalvorada.com.br\/site\/wp-content\/uploads\/2023\/05\/WhatsApp-Image-2023-05-29-at-15.12.37-300x225.jpeg 300w, https:\/\/jornaloalvorada.com.br\/site\/wp-content\/uploads\/2023\/05\/WhatsApp-Image-2023-05-29-at-15.12.37-768x576.jpeg 768w, https:\/\/jornaloalvorada.com.br\/site\/wp-content\/uploads\/2023\/05\/WhatsApp-Image-2023-05-29-at-15.12.37-1536x1152.jpeg 1536w, https:\/\/jornaloalvorada.com.br\/site\/wp-content\/uploads\/2023\/05\/WhatsApp-Image-2023-05-29-at-15.12.37.jpeg 1600w\" sizes=\"auto, (max-width: 1024px) 100vw, 1024px\" \/><\/figure>\n\n\n\n<figure class=\"wp-block-image size-large\"><img loading=\"lazy\" decoding=\"async\" width=\"1024\" height=\"682\" src=\"https:\/\/jornaloalvorada.com.br\/site\/wp-content\/uploads\/2023\/05\/WhatsApp-Image-2023-05-29-at-15.12.38-1-1024x682.jpeg\" alt=\"\" class=\"wp-image-1696\" srcset=\"https:\/\/jornaloalvorada.com.br\/site\/wp-content\/uploads\/2023\/05\/WhatsApp-Image-2023-05-29-at-15.12.38-1-1024x682.jpeg 1024w, https:\/\/jornaloalvorada.com.br\/site\/wp-content\/uploads\/2023\/05\/WhatsApp-Image-2023-05-29-at-15.12.38-1-300x200.jpeg 300w, https:\/\/jornaloalvorada.com.br\/site\/wp-content\/uploads\/2023\/05\/WhatsApp-Image-2023-05-29-at-15.12.38-1-768x512.jpeg 768w, https:\/\/jornaloalvorada.com.br\/site\/wp-content\/uploads\/2023\/05\/WhatsApp-Image-2023-05-29-at-15.12.38-1-1536x1023.jpeg 1536w, https:\/\/jornaloalvorada.com.br\/site\/wp-content\/uploads\/2023\/05\/WhatsApp-Image-2023-05-29-at-15.12.38-1.jpeg 1600w\" sizes=\"auto, (max-width: 1024px) 100vw, 1024px\" \/><\/figure>\n\n\n\n<figure class=\"wp-block-image size-large\"><img loading=\"lazy\" decoding=\"async\" width=\"1024\" height=\"768\" src=\"https:\/\/jornaloalvorada.com.br\/site\/wp-content\/uploads\/2023\/05\/WhatsApp-Image-2023-05-29-at-15.12.38-1024x768.jpeg\" alt=\"\" class=\"wp-image-1699\" srcset=\"https:\/\/jornaloalvorada.com.br\/site\/wp-content\/uploads\/2023\/05\/WhatsApp-Image-2023-05-29-at-15.12.38-1024x768.jpeg 1024w, https:\/\/jornaloalvorada.com.br\/site\/wp-content\/uploads\/2023\/05\/WhatsApp-Image-2023-05-29-at-15.12.38-300x225.jpeg 300w, https:\/\/jornaloalvorada.com.br\/site\/wp-content\/uploads\/2023\/05\/WhatsApp-Image-2023-05-29-at-15.12.38-768x576.jpeg 768w, https:\/\/jornaloalvorada.com.br\/site\/wp-content\/uploads\/2023\/05\/WhatsApp-Image-2023-05-29-at-15.12.38-1536x1152.jpeg 1536w, https:\/\/jornaloalvorada.com.br\/site\/wp-content\/uploads\/2023\/05\/WhatsApp-Image-2023-05-29-at-15.12.38.jpeg 1600w\" sizes=\"auto, (max-width: 1024px) 100vw, 1024px\" \/><\/figure>\n\n\n\n<figure class=\"wp-block-image size-large\"><img loading=\"lazy\" decoding=\"async\" width=\"1024\" height=\"682\" src=\"https:\/\/jornaloalvorada.com.br\/site\/wp-content\/uploads\/2023\/05\/WhatsApp-Image-2023-05-29-at-15.12.39-1-1024x682.jpeg\" alt=\"\" class=\"wp-image-1698\" srcset=\"https:\/\/jornaloalvorada.com.br\/site\/wp-content\/uploads\/2023\/05\/WhatsApp-Image-2023-05-29-at-15.12.39-1-1024x682.jpeg 1024w, https:\/\/jornaloalvorada.com.br\/site\/wp-content\/uploads\/2023\/05\/WhatsApp-Image-2023-05-29-at-15.12.39-1-300x200.jpeg 300w, https:\/\/jornaloalvorada.com.br\/site\/wp-content\/uploads\/2023\/05\/WhatsApp-Image-2023-05-29-at-15.12.39-1-768x512.jpeg 768w, https:\/\/jornaloalvorada.com.br\/site\/wp-content\/uploads\/2023\/05\/WhatsApp-Image-2023-05-29-at-15.12.39-1-1536x1023.jpeg 1536w, https:\/\/jornaloalvorada.com.br\/site\/wp-content\/uploads\/2023\/05\/WhatsApp-Image-2023-05-29-at-15.12.39-1.jpeg 1600w\" sizes=\"auto, (max-width: 1024px) 100vw, 1024px\" \/><\/figure>\n\n\n\n<figure class=\"wp-block-image size-large\"><img loading=\"lazy\" decoding=\"async\" width=\"1024\" height=\"628\" src=\"https:\/\/jornaloalvorada.com.br\/site\/wp-content\/uploads\/2023\/05\/WhatsApp-Image-2023-05-29-at-15.12.39-1024x628.jpeg\" alt=\"\" class=\"wp-image-1701\" srcset=\"https:\/\/jornaloalvorada.com.br\/site\/wp-content\/uploads\/2023\/05\/WhatsApp-Image-2023-05-29-at-15.12.39-1024x628.jpeg 1024w, https:\/\/jornaloalvorada.com.br\/site\/wp-content\/uploads\/2023\/05\/WhatsApp-Image-2023-05-29-at-15.12.39-300x184.jpeg 300w, https:\/\/jornaloalvorada.com.br\/site\/wp-content\/uploads\/2023\/05\/WhatsApp-Image-2023-05-29-at-15.12.39-768x471.jpeg 768w, https:\/\/jornaloalvorada.com.br\/site\/wp-content\/uploads\/2023\/05\/WhatsApp-Image-2023-05-29-at-15.12.39-1536x942.jpeg 1536w, https:\/\/jornaloalvorada.com.br\/site\/wp-content\/uploads\/2023\/05\/WhatsApp-Image-2023-05-29-at-15.12.39.jpeg 1600w\" sizes=\"auto, (max-width: 1024px) 100vw, 1024px\" \/><\/figure>\n\n\n\n<figure class=\"wp-block-image size-large\"><img loading=\"lazy\" decoding=\"async\" width=\"1024\" height=\"682\" src=\"https:\/\/jornaloalvorada.com.br\/site\/wp-content\/uploads\/2023\/05\/WhatsApp-Image-2023-05-29-at-15.12.40-1024x682.jpeg\" alt=\"\" class=\"wp-image-1697\" srcset=\"https:\/\/jornaloalvorada.com.br\/site\/wp-content\/uploads\/2023\/05\/WhatsApp-Image-2023-05-29-at-15.12.40-1024x682.jpeg 1024w, https:\/\/jornaloalvorada.com.br\/site\/wp-content\/uploads\/2023\/05\/WhatsApp-Image-2023-05-29-at-15.12.40-300x200.jpeg 300w, https:\/\/jornaloalvorada.com.br\/site\/wp-content\/uploads\/2023\/05\/WhatsApp-Image-2023-05-29-at-15.12.40-768x512.jpeg 768w, https:\/\/jornaloalvorada.com.br\/site\/wp-content\/uploads\/2023\/05\/WhatsApp-Image-2023-05-29-at-15.12.40-1536x1023.jpeg 1536w, https:\/\/jornaloalvorada.com.br\/site\/wp-content\/uploads\/2023\/05\/WhatsApp-Image-2023-05-29-at-15.12.40.jpeg 1600w\" sizes=\"auto, (max-width: 1024px) 100vw, 1024px\" \/><\/figure>\n","protected":false},"excerpt":{"rendered":"<p>No \u00faltimo dia 20 de Maio, o prefeito Jos\u00e9 Paulo Paleari realizou a entrega da 6\u00aa farm\u00e1cia p\u00fablica de Nova<\/p>\n","protected":false},"author":1,"featured_media":1698,"comment_status":"open","ping_status":"open","sticky":false,"template":"","format":"standard","meta":{"footnotes":""},"categories":[2],"tags":[],"class_list":["post-1695","post","type-post","status-publish","format-standard","has-post-thumbnail","hentry","category-noticias"],"_links":{"self":[{"href":"https:\/\/jornaloalvorada.com.br\/site\/wp-json\/wp\/v2\/posts\/1695","targetHints":{"allow":["GET"]}}],"collection":[{"href":"https:\/\/jornaloalvorada.com.br\/site\/wp-json\/wp\/v2\/posts"}],"about":[{"href":"https:\/\/jornaloalvorada.com.br\/site\/wp-json\/wp\/v2\/types\/post"}],"author":[{"embeddable":true,"href":"https:\/\/jornaloalvorada.com.br\/site\/wp-json\/wp\/v2\/users\/1"}],"replies":[{"embeddable":true,"href":"https:\/\/jornaloalvorada.com.br\/site\/wp-json\/wp\/v2\/comments?post=1695"}],"version-history":[{"count":1,"href":"https:\/\/jornaloalvorada.com.br\/site\/wp-json\/wp\/v2\/posts\/1695\/revisions"}],"predecessor-version":[{"id":1702,"href":"https:\/\/jornaloalvorada.com.br\/site\/wp-json\/wp\/v2\/posts\/1695\/revisions\/1702"}],"wp:featuredmedia":[{"embeddable":true,"href":"https:\/\/jornaloalvorada.com.br\/site\/wp-json\/wp\/v2\/media\/1698"}],"wp:attachment":[{"href":"https:\/\/jornaloalvorada.com.br\/site\/wp-json\/wp\/v2\/media?parent=1695"}],"wp:term":[{"taxonomy":"category","embeddable":true,"href":"https:\/\/jornaloalvorada.com.br\/site\/wp-json\/wp\/v2\/categories?post=1695"},{"taxonomy":"post_tag","embeddable":true,"href":"https:\/\/jornaloalvorada.com.br\/site\/wp-json\/wp\/v2\/tags?post=1695"}],"curies":[{"name":"wp","href":"https:\/\/api.w.org\/{rel}","templated":true}]}}