{"id":1693,"date":"2023-05-29T14:49:51","date_gmt":"2023-05-29T18:49:51","guid":{"rendered":"https:\/\/jornaloalvorada.com.br\/site\/?p=1693"},"modified":"2023-05-29T14:49:56","modified_gmt":"2023-05-29T18:49:56","slug":"imposto-de-renda-2023-comeca-a-ter-restituicao-paga-veja-quem-recebe-e-calendario","status":"publish","type":"post","link":"https:\/\/jornaloalvorada.com.br\/site\/2023\/05\/29\/imposto-de-renda-2023-comeca-a-ter-restituicao-paga-veja-quem-recebe-e-calendario\/","title":{"rendered":"Imposto de Renda 2023 come\u00e7a a ter restitui\u00e7\u00e3o paga; Veja quem recebe e calend\u00e1rio"},"content":{"rendered":"\n<p>A\u00a0Receita Federal\u00a0come\u00e7ar\u00e1 a pagar o\u00a01\u00ba lote de restitui\u00e7\u00e3o\u00a0na pr\u00f3xima quarta-feira (31) \u2014 dia em que tamb\u00e9m se encerra o prazo para a entrega da declara\u00e7\u00e3o do Imposto de Renda 2023.<\/p>\n\n\n\n<p>Segundo o \u00f3rg\u00e3o, o cr\u00e9dito contemplar\u00e1 mais de 4 milh\u00f5es de contribuintes e soma cerca de&nbsp;<strong>R$ 7,5 bilh\u00f5es<\/strong>&nbsp;em pagamentos \u2014 o maior valor j\u00e1 pago pelo Fisco em um lote de restitui\u00e7\u00e3o na hist\u00f3ria.<\/p>\n\n\n\n<p>Ainda de acordo com a Receita, todo o valor ser\u00e1 destinado a contribuintes que t\u00eam prioridade no recebimento. Ao total, s\u00e3o:\u00a0<\/p>\n\n\n\n<ul class=\"wp-block-list\">\n<li><strong>246.013&nbsp;<\/strong>contribuintes idosos acima de 80 anos;<\/li>\n\n\n\n<li><strong>2.464.031<\/strong>&nbsp;contribuintes idosos entre 60 e 79 anos;<\/li>\n\n\n\n<li><strong>163.859<\/strong>&nbsp;contribuintes com alguma defici\u00eancia f\u00edsica ou mental ou mol\u00e9stia grave;<\/li>\n\n\n\n<li><strong>1.052.002&nbsp;<\/strong>contribuintes cuja maior fonte de renda seja o magist\u00e9rio;<\/li>\n\n\n\n<li><strong>204.020<\/strong>&nbsp;contribuintes que receberam prioridade por terem&nbsp;utilizado a declara\u00e7\u00e3o pr\u00e9-preenchida ou optado por receber a restitui\u00e7\u00e3o via PIX.<\/li>\n<\/ul>\n\n\n\n<p>Os pagamentos das restitui\u00e7\u00f5es do IR 2023 ser\u00e3o feitos em cinco lotes,&nbsp;segundo informa\u00e7\u00f5es da Receita. O prazo para entrega das declara\u00e7\u00f5es come\u00e7ou em 15 de mar\u00e7o.&nbsp;<\/p>\n\n\n\n<p><strong>Veja as datas dos pagamentos:<\/strong><\/p>\n\n\n\n<ul class=\"wp-block-list\">\n<li><strong>1\u00ba lote<\/strong>: 31 de maio<\/li>\n\n\n\n<li><strong>2\u00ba lote:<\/strong>&nbsp;30 de junho<\/li>\n\n\n\n<li><strong>3\u00ba lote<\/strong>: 31 de julho<\/li>\n\n\n\n<li><strong>4\u00ba lote<\/strong>: 31 de agosto<\/li>\n\n\n\n<li><strong>5\u00ba lote<\/strong>: 29 de setembro<\/li>\n<\/ul>\n\n\n\n<h2 class=\"wp-block-heading\">Como vou receber a restitui\u00e7\u00e3o?<\/h2>\n\n\n\n<p>O pagamento da restitui\u00e7\u00e3o \u00e9 realizado na conta banc\u00e1ria informada pelo contribuinte na declara\u00e7\u00e3o de Imposto de Renda, de forma direta ou por indica\u00e7\u00e3o de chave PIX.&nbsp;<\/p>\n\n\n\n<h2 class=\"wp-block-heading\">Como saber se tenho algum valor a receber?<\/h2>\n\n\n\n<p>Para saber se a restitui\u00e7\u00e3o est\u00e1 dispon\u00edvel, o contribuinte deve&nbsp;acessar a p\u00e1gina da Receita na internet&nbsp;e clicar na op\u00e7\u00e3o \u201cMeu Imposto de Renda\u201d. Em seguida, basta clicar em&nbsp;\u201cConsultar a Restitui\u00e7\u00e3o\u201d.&nbsp;<\/p>\n\n\n\n<p>A Receita Federal lembrou que disponibiliza, tamb\u00e9m, aplicativo para tablets e smartphones que permite consultar diretamente nas bases da Receita Federal informa\u00e7\u00f5es sobre libera\u00e7\u00e3o das restitui\u00e7\u00f5es do IRPF e a situa\u00e7\u00e3o cadastral de uma inscri\u00e7\u00e3o no CPF.&nbsp;<\/p>\n\n\n\n<h2 class=\"wp-block-heading\">Malha fina<\/h2>\n\n\n\n<p>Ao realizar a consulta, o contribuinte tamb\u00e9m poder\u00e1 saber se h\u00e1 alguma&nbsp;pend\u00eancia em sua declara\u00e7\u00e3o&nbsp;que impe\u00e7a o pagamento da restitui\u00e7\u00e3o, ou seja, se ele caiu na chamada \u201cmalha fina\u201d.&nbsp;<\/p>\n\n\n\n<p>Para saber se est\u00e1 na malha fina, os contribuintes tamb\u00e9m podem acessar o \u201cextrato\u201d do Imposto de Renda no site da Receita Federal no chamado e-CAC (Centro Virtual de Atendimento).&nbsp;<\/p>\n\n\n\n<p>Para acessar o extrato do IR, \u00e9 necess\u00e1rio utilizar o c\u00f3digo de acesso gerado na pr\u00f3pria p\u00e1gina da Receita Federal ou certificado digital emitido por autoridade habilitada.<\/p>\n\n\n\n<p>As restitui\u00e7\u00f5es de declara\u00e7\u00f5es que apresentam inconsist\u00eancia (em situa\u00e7\u00e3o de malha) s\u00e3o liberadas apenas depois de corrigidas pelo cidad\u00e3o, ou ap\u00f3s o contribuinte apresentar comprova\u00e7\u00e3o de que sua declara\u00e7\u00e3o est\u00e1 correta.<\/p>\n\n\n\n<p><strong><em>Cr\u00e9dito: Terra Brasil Not\u00edcias<\/em><\/strong><\/p>\n","protected":false},"excerpt":{"rendered":"<p>A\u00a0Receita Federal\u00a0come\u00e7ar\u00e1 a pagar o\u00a01\u00ba lote de restitui\u00e7\u00e3o\u00a0na pr\u00f3xima quarta-feira (31) \u2014 dia em que tamb\u00e9m se encerra o prazo<\/p>\n","protected":false},"author":1,"featured_media":708,"comment_status":"open","ping_status":"open","sticky":false,"template":"","format":"standard","meta":{"footnotes":""},"categories":[2],"tags":[],"class_list":["post-1693","post","type-post","status-publish","format-standard","has-post-thumbnail","hentry","category-noticias"],"_links":{"self":[{"href":"https:\/\/jornaloalvorada.com.br\/site\/wp-json\/wp\/v2\/posts\/1693","targetHints":{"allow":["GET"]}}],"collection":[{"href":"https:\/\/jornaloalvorada.com.br\/site\/wp-json\/wp\/v2\/posts"}],"about":[{"href":"https:\/\/jornaloalvorada.com.br\/site\/wp-json\/wp\/v2\/types\/post"}],"author":[{"embeddable":true,"href":"https:\/\/jornaloalvorada.com.br\/site\/wp-json\/wp\/v2\/users\/1"}],"replies":[{"embeddable":true,"href":"https:\/\/jornaloalvorada.com.br\/site\/wp-json\/wp\/v2\/comments?post=1693"}],"version-history":[{"count":1,"href":"https:\/\/jornaloalvorada.com.br\/site\/wp-json\/wp\/v2\/posts\/1693\/revisions"}],"predecessor-version":[{"id":1694,"href":"https:\/\/jornaloalvorada.com.br\/site\/wp-json\/wp\/v2\/posts\/1693\/revisions\/1694"}],"wp:featuredmedia":[{"embeddable":true,"href":"https:\/\/jornaloalvorada.com.br\/site\/wp-json\/wp\/v2\/media\/708"}],"wp:attachment":[{"href":"https:\/\/jornaloalvorada.com.br\/site\/wp-json\/wp\/v2\/media?parent=1693"}],"wp:term":[{"taxonomy":"category","embeddable":true,"href":"https:\/\/jornaloalvorada.com.br\/site\/wp-json\/wp\/v2\/categories?post=1693"},{"taxonomy":"post_tag","embeddable":true,"href":"https:\/\/jornaloalvorada.com.br\/site\/wp-json\/wp\/v2\/tags?post=1693"}],"curies":[{"name":"wp","href":"https:\/\/api.w.org\/{rel}","templated":true}]}}