{"id":1686,"date":"2023-05-29T09:47:51","date_gmt":"2023-05-29T13:47:51","guid":{"rendered":"https:\/\/jornaloalvorada.com.br\/site\/?p=1686"},"modified":"2023-05-29T09:47:54","modified_gmt":"2023-05-29T13:47:54","slug":"segunda-feira-chega-com-previsao-de-chuva-e-tempestades-com-raios-e-rajadas-de-vento-em-ms","status":"publish","type":"post","link":"https:\/\/jornaloalvorada.com.br\/site\/2023\/05\/29\/segunda-feira-chega-com-previsao-de-chuva-e-tempestades-com-raios-e-rajadas-de-vento-em-ms\/","title":{"rendered":"Segunda-feira chega com previs\u00e3o de chuva e tempestades com raios e rajadas de vento em MS"},"content":{"rendered":"\n<p>A semana teve in\u00edcio com tempo inst\u00e1vel em Mato Grosso do Sul e a previs\u00e3o \u00e9 de uma segunda-feira (29) com chuvas de intensidade moderada a forte e tempestades acompanhadas de raios e rajadas de vento.<\/p>\n\n\n\n<p>De acordo com o Cemtec (Centro de Monitoramento do Tempo e do Clima), essa condi\u00e7\u00e3o meteorol\u00f3gica se deve a atua\u00e7\u00e3o de uma frente fria e a presen\u00e7a de uma baixa press\u00e3o atmosf\u00e9rica no Paraguai, combina\u00e7\u00e3o que favorece a forma\u00e7\u00e3o de nuvens e chuvas.<\/p>\n\n\n\n<p>J\u00e1 conforme o Inmet (Instituto Nacional de Meteorologia), Campo Grande deve ter temperatura m\u00ednima de 18\u00baC neste primeiro dia \u00fatil da semana e m\u00e1xima de 26\u00baC.<\/p>\n\n\n\n<p><em><strong>Paulo Fernandes, Comunica\u00e7\u00e3o do Governo de MS<\/strong><\/em><\/p>\n\n\n\n<p><em><strong>Foto: Saul Schramm<\/strong><\/em><\/p>\n","protected":false},"excerpt":{"rendered":"<p>A semana teve in\u00edcio com tempo inst\u00e1vel em Mato Grosso do Sul e a previs\u00e3o \u00e9 de uma segunda-feira (29)<\/p>\n","protected":false},"author":1,"featured_media":1687,"comment_status":"open","ping_status":"open","sticky":false,"template":"","format":"standard","meta":{"footnotes":""},"categories":[2],"tags":[],"class_list":["post-1686","post","type-post","status-publish","format-standard","has-post-thumbnail","hentry","category-noticias"],"_links":{"self":[{"href":"https:\/\/jornaloalvorada.com.br\/site\/wp-json\/wp\/v2\/posts\/1686","targetHints":{"allow":["GET"]}}],"collection":[{"href":"https:\/\/jornaloalvorada.com.br\/site\/wp-json\/wp\/v2\/posts"}],"about":[{"href":"https:\/\/jornaloalvorada.com.br\/site\/wp-json\/wp\/v2\/types\/post"}],"author":[{"embeddable":true,"href":"https:\/\/jornaloalvorada.com.br\/site\/wp-json\/wp\/v2\/users\/1"}],"replies":[{"embeddable":true,"href":"https:\/\/jornaloalvorada.com.br\/site\/wp-json\/wp\/v2\/comments?post=1686"}],"version-history":[{"count":1,"href":"https:\/\/jornaloalvorada.com.br\/site\/wp-json\/wp\/v2\/posts\/1686\/revisions"}],"predecessor-version":[{"id":1688,"href":"https:\/\/jornaloalvorada.com.br\/site\/wp-json\/wp\/v2\/posts\/1686\/revisions\/1688"}],"wp:featuredmedia":[{"embeddable":true,"href":"https:\/\/jornaloalvorada.com.br\/site\/wp-json\/wp\/v2\/media\/1687"}],"wp:attachment":[{"href":"https:\/\/jornaloalvorada.com.br\/site\/wp-json\/wp\/v2\/media?parent=1686"}],"wp:term":[{"taxonomy":"category","embeddable":true,"href":"https:\/\/jornaloalvorada.com.br\/site\/wp-json\/wp\/v2\/categories?post=1686"},{"taxonomy":"post_tag","embeddable":true,"href":"https:\/\/jornaloalvorada.com.br\/site\/wp-json\/wp\/v2\/tags?post=1686"}],"curies":[{"name":"wp","href":"https:\/\/api.w.org\/{rel}","templated":true}]}}