{"id":1682,"date":"2023-05-26T10:01:57","date_gmt":"2023-05-26T14:01:57","guid":{"rendered":"https:\/\/jornaloalvorada.com.br\/site\/?p=1682"},"modified":"2023-05-26T10:02:00","modified_gmt":"2023-05-26T14:02:00","slug":"dia-26-de-maio-dia-do-bombeiro","status":"publish","type":"post","link":"https:\/\/jornaloalvorada.com.br\/site\/2023\/05\/26\/dia-26-de-maio-dia-do-bombeiro\/","title":{"rendered":"Dia 26 de Maio: Dia do Bombeiro"},"content":{"rendered":"\n<p>Hoje, dia 26 de maio, \u00e9 o Dia do Bombeiro, mas tamb\u00e9m poderia se chamar Dia dos Her\u00f3is.<\/p>\n\n\n\n<p>Ent\u00e3o, \u00e9 mais do que justo o nosso reconhecimento e admira\u00e7\u00e3o a esses homens e mulheres, que arriscam a pr\u00f3pria vida para salvar outras, seja em inc\u00eandios, desastres e desabamentos.<\/p>\n\n\n\n<p>Nosso muito obrigado pela garra em preservar a vida, o patrim\u00f4nio e o meio ambiente.<\/p>\n","protected":false},"excerpt":{"rendered":"<p>Hoje, dia 26 de maio, \u00e9 o Dia do Bombeiro, mas tamb\u00e9m poderia se chamar Dia dos Her\u00f3is. Ent\u00e3o, \u00e9<\/p>\n","protected":false},"author":1,"featured_media":1683,"comment_status":"open","ping_status":"open","sticky":false,"template":"","format":"standard","meta":{"footnotes":""},"categories":[2],"tags":[],"class_list":["post-1682","post","type-post","status-publish","format-standard","has-post-thumbnail","hentry","category-noticias"],"_links":{"self":[{"href":"https:\/\/jornaloalvorada.com.br\/site\/wp-json\/wp\/v2\/posts\/1682","targetHints":{"allow":["GET"]}}],"collection":[{"href":"https:\/\/jornaloalvorada.com.br\/site\/wp-json\/wp\/v2\/posts"}],"about":[{"href":"https:\/\/jornaloalvorada.com.br\/site\/wp-json\/wp\/v2\/types\/post"}],"author":[{"embeddable":true,"href":"https:\/\/jornaloalvorada.com.br\/site\/wp-json\/wp\/v2\/users\/1"}],"replies":[{"embeddable":true,"href":"https:\/\/jornaloalvorada.com.br\/site\/wp-json\/wp\/v2\/comments?post=1682"}],"version-history":[{"count":1,"href":"https:\/\/jornaloalvorada.com.br\/site\/wp-json\/wp\/v2\/posts\/1682\/revisions"}],"predecessor-version":[{"id":1684,"href":"https:\/\/jornaloalvorada.com.br\/site\/wp-json\/wp\/v2\/posts\/1682\/revisions\/1684"}],"wp:featuredmedia":[{"embeddable":true,"href":"https:\/\/jornaloalvorada.com.br\/site\/wp-json\/wp\/v2\/media\/1683"}],"wp:attachment":[{"href":"https:\/\/jornaloalvorada.com.br\/site\/wp-json\/wp\/v2\/media?parent=1682"}],"wp:term":[{"taxonomy":"category","embeddable":true,"href":"https:\/\/jornaloalvorada.com.br\/site\/wp-json\/wp\/v2\/categories?post=1682"},{"taxonomy":"post_tag","embeddable":true,"href":"https:\/\/jornaloalvorada.com.br\/site\/wp-json\/wp\/v2\/tags?post=1682"}],"curies":[{"name":"wp","href":"https:\/\/api.w.org\/{rel}","templated":true}]}}