{"id":1596,"date":"2023-05-20T07:18:50","date_gmt":"2023-05-20T11:18:50","guid":{"rendered":"https:\/\/jornaloalvorada.com.br\/site\/?p=1596"},"modified":"2023-05-20T07:18:52","modified_gmt":"2023-05-20T11:18:52","slug":"previsao-do-tempo-para-sabado-e-de-temperaturas-amenas-e-baixa-umidade-relativa-do-ar","status":"publish","type":"post","link":"https:\/\/jornaloalvorada.com.br\/site\/2023\/05\/20\/previsao-do-tempo-para-sabado-e-de-temperaturas-amenas-e-baixa-umidade-relativa-do-ar\/","title":{"rendered":"Previs\u00e3o do tempo para s\u00e1bado \u00e9 de temperaturas amenas e baixa umidade relativa do ar"},"content":{"rendered":"\n<p>A previs\u00e3o do Cemtec (Centro de Monitoramento do Tempo e do Clima) para este s\u00e1bado (20) \u00e9 de c\u00e9u limpo e baixa umidade relativa do ar, com amplitudes t\u00e9rmicas acentuadas, temperaturas mais amenas e sensa\u00e7\u00e3o de frio na madrugada com gradativa eleva\u00e7\u00e3o das temperaturas durante o dia.<\/p>\n\n\n\n<p>Em Campo Grande, o c\u00e9u fica encoberto de nuvens. A m\u00ednima ser\u00e1 de 16\u00baC e a m\u00e1xima de 29\u00baC. Em Dourados, m\u00ednima de 12\u00baC e m\u00e1xima de 29\u00baC. Na regi\u00e3o Leste, Anauril\u00e2ndia ter\u00e1 m\u00ednima de 13\u00b0C e m\u00e1xima de 28\u00b0C. No Sul do Estado, Iguatemi registra m\u00ednima de 12\u00baC e a m\u00e1xima de 27\u00baC; Ponta Por\u00e3 ter\u00e1 m\u00ednima de 14\u00b0C e m\u00e1xima de 27\u00b0C.<\/p>\n\n\n\n<p>Corumb\u00e1 ter\u00e1 m\u00ednima de 20\u00b0C e m\u00e1xima de 32\u00b0C. Porto Murtinho com m\u00ednima de 20\u00b0C e m\u00e1xima de 32\u00b0C. No Norte, em Coxim, o dia come\u00e7a com 16\u00b0C e a m\u00e1xima alcan\u00e7a 34\u00b0C. No Bols\u00e3o, Tr\u00eas Lagoas ter\u00e1 a m\u00ednima de 12\u00baC e a m\u00e1xima de 30\u00b0C.<\/p>\n\n\n\n<p><em><strong>Jo\u00e3o Pedro Flores, do Programa de Est\u00e1gio Supervisionado<\/strong><\/em><\/p>\n\n\n\n<p><em><strong>Foto: \u00c1lvaro Rezende<\/strong><\/em><\/p>\n","protected":false},"excerpt":{"rendered":"<p>A previs\u00e3o do Cemtec (Centro de Monitoramento do Tempo e do Clima) para este s\u00e1bado (20) \u00e9 de c\u00e9u limpo<\/p>\n","protected":false},"author":1,"featured_media":1102,"comment_status":"open","ping_status":"open","sticky":false,"template":"","format":"standard","meta":{"footnotes":""},"categories":[2],"tags":[],"class_list":["post-1596","post","type-post","status-publish","format-standard","has-post-thumbnail","hentry","category-noticias"],"_links":{"self":[{"href":"https:\/\/jornaloalvorada.com.br\/site\/wp-json\/wp\/v2\/posts\/1596","targetHints":{"allow":["GET"]}}],"collection":[{"href":"https:\/\/jornaloalvorada.com.br\/site\/wp-json\/wp\/v2\/posts"}],"about":[{"href":"https:\/\/jornaloalvorada.com.br\/site\/wp-json\/wp\/v2\/types\/post"}],"author":[{"embeddable":true,"href":"https:\/\/jornaloalvorada.com.br\/site\/wp-json\/wp\/v2\/users\/1"}],"replies":[{"embeddable":true,"href":"https:\/\/jornaloalvorada.com.br\/site\/wp-json\/wp\/v2\/comments?post=1596"}],"version-history":[{"count":1,"href":"https:\/\/jornaloalvorada.com.br\/site\/wp-json\/wp\/v2\/posts\/1596\/revisions"}],"predecessor-version":[{"id":1597,"href":"https:\/\/jornaloalvorada.com.br\/site\/wp-json\/wp\/v2\/posts\/1596\/revisions\/1597"}],"wp:featuredmedia":[{"embeddable":true,"href":"https:\/\/jornaloalvorada.com.br\/site\/wp-json\/wp\/v2\/media\/1102"}],"wp:attachment":[{"href":"https:\/\/jornaloalvorada.com.br\/site\/wp-json\/wp\/v2\/media?parent=1596"}],"wp:term":[{"taxonomy":"category","embeddable":true,"href":"https:\/\/jornaloalvorada.com.br\/site\/wp-json\/wp\/v2\/categories?post=1596"},{"taxonomy":"post_tag","embeddable":true,"href":"https:\/\/jornaloalvorada.com.br\/site\/wp-json\/wp\/v2\/tags?post=1596"}],"curies":[{"name":"wp","href":"https:\/\/api.w.org\/{rel}","templated":true}]}}