{"id":1589,"date":"2023-05-18T16:05:00","date_gmt":"2023-05-18T20:05:00","guid":{"rendered":"https:\/\/jornaloalvorada.com.br\/site\/?p=1589"},"modified":"2023-05-19T10:09:27","modified_gmt":"2023-05-19T14:09:27","slug":"18-de-maio-dia-nacional-de-combate-ao-abuso-e-exploracao-sexual-de-criancas-e-adolescentes","status":"publish","type":"post","link":"https:\/\/jornaloalvorada.com.br\/site\/2023\/05\/18\/18-de-maio-dia-nacional-de-combate-ao-abuso-e-exploracao-sexual-de-criancas-e-adolescentes\/","title":{"rendered":"18 de Maio &#8211; Dia Nacional de Combate ao Abuso e Explora\u00e7\u00e3o Sexual de Crian\u00e7as e Adolescentes"},"content":{"rendered":"\n<p>O dia 18 de maio marca uma luta di\u00e1ria da sociedade brasileira: a prote\u00e7\u00e3o de nossas crian\u00e7as e adolescentes contra os crimes de abuso e explora\u00e7\u00e3o sexual. A data marca o Dia Nacional de Combate ao Abuso e Explora\u00e7\u00e3o Sexual de Crian\u00e7as e Adolescentes.<\/p>\n","protected":false},"excerpt":{"rendered":"<p>O dia 18 de maio marca uma luta di\u00e1ria da sociedade brasileira: a prote\u00e7\u00e3o de nossas crian\u00e7as e adolescentes contra<\/p>\n","protected":false},"author":1,"featured_media":1590,"comment_status":"open","ping_status":"open","sticky":false,"template":"","format":"standard","meta":{"footnotes":""},"categories":[2],"tags":[],"class_list":["post-1589","post","type-post","status-publish","format-standard","has-post-thumbnail","hentry","category-noticias"],"_links":{"self":[{"href":"https:\/\/jornaloalvorada.com.br\/site\/wp-json\/wp\/v2\/posts\/1589","targetHints":{"allow":["GET"]}}],"collection":[{"href":"https:\/\/jornaloalvorada.com.br\/site\/wp-json\/wp\/v2\/posts"}],"about":[{"href":"https:\/\/jornaloalvorada.com.br\/site\/wp-json\/wp\/v2\/types\/post"}],"author":[{"embeddable":true,"href":"https:\/\/jornaloalvorada.com.br\/site\/wp-json\/wp\/v2\/users\/1"}],"replies":[{"embeddable":true,"href":"https:\/\/jornaloalvorada.com.br\/site\/wp-json\/wp\/v2\/comments?post=1589"}],"version-history":[{"count":1,"href":"https:\/\/jornaloalvorada.com.br\/site\/wp-json\/wp\/v2\/posts\/1589\/revisions"}],"predecessor-version":[{"id":1591,"href":"https:\/\/jornaloalvorada.com.br\/site\/wp-json\/wp\/v2\/posts\/1589\/revisions\/1591"}],"wp:featuredmedia":[{"embeddable":true,"href":"https:\/\/jornaloalvorada.com.br\/site\/wp-json\/wp\/v2\/media\/1590"}],"wp:attachment":[{"href":"https:\/\/jornaloalvorada.com.br\/site\/wp-json\/wp\/v2\/media?parent=1589"}],"wp:term":[{"taxonomy":"category","embeddable":true,"href":"https:\/\/jornaloalvorada.com.br\/site\/wp-json\/wp\/v2\/categories?post=1589"},{"taxonomy":"post_tag","embeddable":true,"href":"https:\/\/jornaloalvorada.com.br\/site\/wp-json\/wp\/v2\/tags?post=1589"}],"curies":[{"name":"wp","href":"https:\/\/api.w.org\/{rel}","templated":true}]}}