{"id":1583,"date":"2023-05-19T08:43:00","date_gmt":"2023-05-19T12:43:00","guid":{"rendered":"https:\/\/jornaloalvorada.com.br\/site\/?p=1583"},"modified":"2023-05-19T10:00:39","modified_gmt":"2023-05-19T14:00:39","slug":"prefeito-paleari-visita-assentamento-volta-redonda","status":"publish","type":"post","link":"https:\/\/jornaloalvorada.com.br\/site\/2023\/05\/19\/prefeito-paleari-visita-assentamento-volta-redonda\/","title":{"rendered":"Prefeito Paleari visita Assentamento Volta Redonda"},"content":{"rendered":"\n<p>Prefeito de Nova Alvorada do Sul, Jos\u00e9 Paulo Paleari teve o prazer de visitar o Assentamento Volta Redonda e conversar com os moradores locais. Foi uma \u00f3tima oportunidade para entender as demandas e necessidades da regi\u00e3o.<\/p>\n\n\n\n<p>&#8220;Durante as conversas, pude perceber o quanto \u00e9 importante estarmos pr\u00f3ximos da comunidade, ouvindo suas vozes e buscando solu\u00e7\u00f5es para os desafios que enfrentam diariamente. Nossa gest\u00e3o est\u00e1 empenhada em promover melhorias em todas as regi\u00f5es do munic\u00edpio, e o Assentamento Volta Redonda \u00e9 uma das prioridades&#8221;. &#8220;Na oportunidade acompanhou-me o vereador Ronaldo Camargo&#8221;. Disse Paleari<\/p>\n","protected":false},"excerpt":{"rendered":"<p>Prefeito de Nova Alvorada do Sul, Jos\u00e9 Paulo Paleari teve o prazer de visitar o Assentamento Volta Redonda e conversar<\/p>\n","protected":false},"author":1,"featured_media":1584,"comment_status":"open","ping_status":"open","sticky":false,"template":"","format":"standard","meta":{"footnotes":""},"categories":[2],"tags":[],"class_list":["post-1583","post","type-post","status-publish","format-standard","has-post-thumbnail","hentry","category-noticias"],"_links":{"self":[{"href":"https:\/\/jornaloalvorada.com.br\/site\/wp-json\/wp\/v2\/posts\/1583","targetHints":{"allow":["GET"]}}],"collection":[{"href":"https:\/\/jornaloalvorada.com.br\/site\/wp-json\/wp\/v2\/posts"}],"about":[{"href":"https:\/\/jornaloalvorada.com.br\/site\/wp-json\/wp\/v2\/types\/post"}],"author":[{"embeddable":true,"href":"https:\/\/jornaloalvorada.com.br\/site\/wp-json\/wp\/v2\/users\/1"}],"replies":[{"embeddable":true,"href":"https:\/\/jornaloalvorada.com.br\/site\/wp-json\/wp\/v2\/comments?post=1583"}],"version-history":[{"count":1,"href":"https:\/\/jornaloalvorada.com.br\/site\/wp-json\/wp\/v2\/posts\/1583\/revisions"}],"predecessor-version":[{"id":1585,"href":"https:\/\/jornaloalvorada.com.br\/site\/wp-json\/wp\/v2\/posts\/1583\/revisions\/1585"}],"wp:featuredmedia":[{"embeddable":true,"href":"https:\/\/jornaloalvorada.com.br\/site\/wp-json\/wp\/v2\/media\/1584"}],"wp:attachment":[{"href":"https:\/\/jornaloalvorada.com.br\/site\/wp-json\/wp\/v2\/media?parent=1583"}],"wp:term":[{"taxonomy":"category","embeddable":true,"href":"https:\/\/jornaloalvorada.com.br\/site\/wp-json\/wp\/v2\/categories?post=1583"},{"taxonomy":"post_tag","embeddable":true,"href":"https:\/\/jornaloalvorada.com.br\/site\/wp-json\/wp\/v2\/tags?post=1583"}],"curies":[{"name":"wp","href":"https:\/\/api.w.org\/{rel}","templated":true}]}}