{"id":1578,"date":"2023-05-19T09:30:59","date_gmt":"2023-05-19T13:30:59","guid":{"rendered":"https:\/\/jornaloalvorada.com.br\/site\/?p=1578"},"modified":"2023-05-19T09:31:01","modified_gmt":"2023-05-19T13:31:01","slug":"sol-e-variacao-de-nebulosidade-sao-previstas-para-sexta-feira-em-ms","status":"publish","type":"post","link":"https:\/\/jornaloalvorada.com.br\/site\/2023\/05\/19\/sol-e-variacao-de-nebulosidade-sao-previstas-para-sexta-feira-em-ms\/","title":{"rendered":"Sol e varia\u00e7\u00e3o de nebulosidade s\u00e3o previstas para sexta-feira em MS"},"content":{"rendered":"\n<p>A previs\u00e3o para sexta-feira (19) \u00e9 de tempo est\u00e1vel, com sol e varia\u00e7\u00e3o de nebulosidade devido a atua\u00e7\u00e3o de um sistema de alta press\u00e3o atmosf\u00e9rica, ou seja, uma intensa massa de ar que favorece o tempo seco no estado de Mato Grosso do Sul.<\/p>\n\n\n\n<p>Segundo o Cemtec (Centro de Monitoramento do Tempo e do Clima), em Campo Grande, a m\u00ednima ser\u00e1 de 15\u00baC e m\u00e1xima de 28\u00baC. Em Dourados, m\u00ednima de 12\u00baC e m\u00e1xima de 27\u00baC. No Sul do Estado, Iguatemi registra m\u00ednima de 12\u00baC e a m\u00e1xima de 26\u00baC; Ponta Por\u00e3, na regi\u00e3o Sul-fronteira, com m\u00ednima de 13\u00b0C e m\u00e1xima de 26\u00b0C tamb\u00e9m.<\/p>\n\n\n\n<p>Para Corumb\u00e1, a m\u00ednima prevista \u00e9 de 20\u00b0C e m\u00e1xima de 31\u00b0C. Porto Murtinho com m\u00ednima de 19\u00b0C e m\u00e1xima de 32\u00b0C. No Norte, a m\u00ednima em Coxim ser\u00e1 de 15\u00b0C e a m\u00e1xima de 33\u00b0C, em Camapu\u00e3 m\u00ednima de 14\u00b0C e m\u00e1xima de 31\u00b0C. No Bols\u00e3o, Tr\u00eas Lagoas ter\u00e1 a m\u00ednima de 12\u00baC e a m\u00e1xima atinge 29\u00b0C. Na regi\u00e3o Leste, Anauril\u00e2ndia ter\u00e1 m\u00ednima de 12\u00b0C e m\u00e1xima de 27\u00b0C.<\/p>\n\n\n\n<p><em><strong>Jo\u00e3o Pedro Flores, do Programa de Est\u00e1gio Supervisionado<\/strong><\/em><\/p>\n\n\n\n<p><em><strong>Foto: Saul Schramm<\/strong><\/em><\/p>\n","protected":false},"excerpt":{"rendered":"<p>A previs\u00e3o para sexta-feira (19) \u00e9 de tempo est\u00e1vel, com sol e varia\u00e7\u00e3o de nebulosidade devido a atua\u00e7\u00e3o de um<\/p>\n","protected":false},"author":1,"featured_media":1579,"comment_status":"open","ping_status":"open","sticky":false,"template":"","format":"standard","meta":{"footnotes":""},"categories":[2],"tags":[],"class_list":["post-1578","post","type-post","status-publish","format-standard","has-post-thumbnail","hentry","category-noticias"],"_links":{"self":[{"href":"https:\/\/jornaloalvorada.com.br\/site\/wp-json\/wp\/v2\/posts\/1578","targetHints":{"allow":["GET"]}}],"collection":[{"href":"https:\/\/jornaloalvorada.com.br\/site\/wp-json\/wp\/v2\/posts"}],"about":[{"href":"https:\/\/jornaloalvorada.com.br\/site\/wp-json\/wp\/v2\/types\/post"}],"author":[{"embeddable":true,"href":"https:\/\/jornaloalvorada.com.br\/site\/wp-json\/wp\/v2\/users\/1"}],"replies":[{"embeddable":true,"href":"https:\/\/jornaloalvorada.com.br\/site\/wp-json\/wp\/v2\/comments?post=1578"}],"version-history":[{"count":1,"href":"https:\/\/jornaloalvorada.com.br\/site\/wp-json\/wp\/v2\/posts\/1578\/revisions"}],"predecessor-version":[{"id":1580,"href":"https:\/\/jornaloalvorada.com.br\/site\/wp-json\/wp\/v2\/posts\/1578\/revisions\/1580"}],"wp:featuredmedia":[{"embeddable":true,"href":"https:\/\/jornaloalvorada.com.br\/site\/wp-json\/wp\/v2\/media\/1579"}],"wp:attachment":[{"href":"https:\/\/jornaloalvorada.com.br\/site\/wp-json\/wp\/v2\/media?parent=1578"}],"wp:term":[{"taxonomy":"category","embeddable":true,"href":"https:\/\/jornaloalvorada.com.br\/site\/wp-json\/wp\/v2\/categories?post=1578"},{"taxonomy":"post_tag","embeddable":true,"href":"https:\/\/jornaloalvorada.com.br\/site\/wp-json\/wp\/v2\/tags?post=1578"}],"curies":[{"name":"wp","href":"https:\/\/api.w.org\/{rel}","templated":true}]}}