{"id":1569,"date":"2023-05-18T09:22:03","date_gmt":"2023-05-18T13:22:03","guid":{"rendered":"https:\/\/jornaloalvorada.com.br\/site\/?p=1569"},"modified":"2023-05-18T09:22:06","modified_gmt":"2023-05-18T13:22:06","slug":"governo-de-ms-lanca-a-campanha-turismo-responsavel-e-o-que-protege-a-infancia-e-a-juventude","status":"publish","type":"post","link":"https:\/\/jornaloalvorada.com.br\/site\/2023\/05\/18\/governo-de-ms-lanca-a-campanha-turismo-responsavel-e-o-que-protege-a-infancia-e-a-juventude\/","title":{"rendered":"Governo de MS lan\u00e7a a campanha \u2018Turismo Respons\u00e1vel \u00e9 o que Protege a Inf\u00e2ncia e a Juventude\u2019"},"content":{"rendered":"\n<p>O Governo de Mato Grosso do Sul, por meio da FundturMS (Funda\u00e7\u00e3o de Turismo), lan\u00e7a nesse m\u00eas de maio a campanha \u201cTurismo Respons\u00e1vel \u00e9 o que Protege a Inf\u00e2ncia e a Juventude\u201d. O objetivo \u00e9 sensibilizar todos os atores e agentes do turismo de Mato Grosso do Sul a ficarem atentos a qualquer sinal e suspeita de viol\u00eancia sexual quando receberem crian\u00e7as e adolescentes em seus estabelecimentos e destinos tur\u00edsticos.<\/p>\n\n\n\n<p>A orienta\u00e7\u00e3o proposta pela campanha \u00e9 que, diante qualquer suspeita, os \u00f3rg\u00e3os competentes como o Conselho Tutelar da cidade, o Disque Den\u00fancia Nacional (disque 100) ou a Pol\u00edcia Militar (pelo 190) seja acionados.<\/p>\n\n\n\n<p>A campanha faz parte das a\u00e7\u00f5es do projeto \u201cProte\u00e7\u00e3o \u00e0 Inf\u00e2ncia e Adolesc\u00eancia nos destinos tur\u00edsticos de Mato Grosso do Sul\u201d, que tem o objetivo promover o turismo respons\u00e1vel, \u00e9tico e seguro as crian\u00e7as e adolescentes. O projeto est\u00e1 alinhado \u00e0s pol\u00edticas do Minist\u00e9rio do Turismo, que prop\u00f5em a ades\u00e3o volunt\u00e1ria por parte do trade tur\u00edstico ao <a href=\"https:\/\/www.codigodeconduta.turismo.gov.br\/\" target=\"_blank\" rel=\"noreferrer noopener\">C\u00f3digo de Conduta Brasil<\/a> \u201cContra Explora\u00e7\u00e3o Sexual de Crian\u00e7as e adolescentes no Turismo\u201d.<\/p>\n\n\n\n<p>O projeto seguir\u00e1 com oficinas a serem realizadas a partir de junho nas principais regi\u00f5es tur\u00edsticas do estado. A gestora da FundturMS, psic\u00f3loga Tania Regina Comerlato, explica que ser\u00e3o v\u00e1rios encontros com as principais organiza\u00e7\u00f5es que representam o turismo em MS. \u201cO objetivo \u00e9 sensibiliz\u00e1-los para que os mesmos assumam compromissos com a prote\u00e7\u00e3o \u00e0 inf\u00e2ncia e promovam junto aos seus colaboradores a preven\u00e7\u00e3o contra as viol\u00eancias praticadas em crian\u00e7as e adolescentes, de acordo com o \u2018C\u00f3digo de Conduta Brasil\u2019\u201d, explica T\u00e2nia.&nbsp;<\/p>\n\n\n\n<p>O C\u00f3digo de Conduta Brasil faz parte das pol\u00edticas p\u00fablicas brasileiras e \u00e9 uma importante a\u00e7\u00e3o contida no Plano Nacional de Enfrentamento da Viol\u00eancia Sexual Contra Crian\u00e7as e Adolescentes, que tamb\u00e9m faz parte das a\u00e7\u00f5es estaduais em alus\u00e3o ao 18 de maio: \u201c<a href=\"https:\/\/www.facabonito.org\/18demaio\" target=\"_blank\" rel=\"noreferrer noopener\">Dia Nacional de Combate ao Abuso e \u00e0 Explora\u00e7\u00e3o Sexual de Crian\u00e7as e Adolescentes<\/a>\u201d, institu\u00eddo pela Lei Federal 9.970\/00.&nbsp;<\/p>\n\n\n\n<p>O Decreto n\u00ba 10.701, de 17 de maio de 2021, instituiu o <a href=\"https:\/\/www.gov.br\/participamaisbrasil\/planevca-matriz-02-exploracao-sexual\" target=\"_blank\" rel=\"noreferrer noopener\">Plano Nacional de Enfrentamento da Viol\u00eancia contra Crian\u00e7as e Adolescentes<\/a>, previu a cria\u00e7\u00e3o do Plano Nacional de Enfrentamento da Viol\u00eancia contra Crian\u00e7as e Adolescentes, cujo processo de constru\u00e7\u00e3o tem demandado um intenso di\u00e1logo e articula\u00e7\u00e3o com os atores e parceiros governamentais e da sociedade civil, a fim de que possam discutir a pol\u00edtica de enfrentamento da viol\u00eancia contra crian\u00e7as e adolescentes sob as \u00f3ticas da multidisciplinariedade, regionaliza\u00e7\u00e3o e intersetorialidade.<\/p>\n\n\n\n<p>O material da campanha est\u00e1 dispon\u00edvel para download <a href=\"https:\/\/www.turismo.ms.gov.br\/download\/\" target=\"_blank\" rel=\"noreferrer noopener\"><strong>AQUI<\/strong><\/a>.<\/p>\n\n\n\n<p><em><strong>Texto e imagem capa: FundturMS<\/strong><\/em><\/p>\n","protected":false},"excerpt":{"rendered":"<p>O Governo de Mato Grosso do Sul, por meio da FundturMS (Funda\u00e7\u00e3o de Turismo), lan\u00e7a nesse m\u00eas de maio a<\/p>\n","protected":false},"author":1,"featured_media":1570,"comment_status":"open","ping_status":"open","sticky":false,"template":"","format":"standard","meta":{"footnotes":""},"categories":[2],"tags":[],"class_list":["post-1569","post","type-post","status-publish","format-standard","has-post-thumbnail","hentry","category-noticias"],"_links":{"self":[{"href":"https:\/\/jornaloalvorada.com.br\/site\/wp-json\/wp\/v2\/posts\/1569","targetHints":{"allow":["GET"]}}],"collection":[{"href":"https:\/\/jornaloalvorada.com.br\/site\/wp-json\/wp\/v2\/posts"}],"about":[{"href":"https:\/\/jornaloalvorada.com.br\/site\/wp-json\/wp\/v2\/types\/post"}],"author":[{"embeddable":true,"href":"https:\/\/jornaloalvorada.com.br\/site\/wp-json\/wp\/v2\/users\/1"}],"replies":[{"embeddable":true,"href":"https:\/\/jornaloalvorada.com.br\/site\/wp-json\/wp\/v2\/comments?post=1569"}],"version-history":[{"count":1,"href":"https:\/\/jornaloalvorada.com.br\/site\/wp-json\/wp\/v2\/posts\/1569\/revisions"}],"predecessor-version":[{"id":1571,"href":"https:\/\/jornaloalvorada.com.br\/site\/wp-json\/wp\/v2\/posts\/1569\/revisions\/1571"}],"wp:featuredmedia":[{"embeddable":true,"href":"https:\/\/jornaloalvorada.com.br\/site\/wp-json\/wp\/v2\/media\/1570"}],"wp:attachment":[{"href":"https:\/\/jornaloalvorada.com.br\/site\/wp-json\/wp\/v2\/media?parent=1569"}],"wp:term":[{"taxonomy":"category","embeddable":true,"href":"https:\/\/jornaloalvorada.com.br\/site\/wp-json\/wp\/v2\/categories?post=1569"},{"taxonomy":"post_tag","embeddable":true,"href":"https:\/\/jornaloalvorada.com.br\/site\/wp-json\/wp\/v2\/tags?post=1569"}],"curies":[{"name":"wp","href":"https:\/\/api.w.org\/{rel}","templated":true}]}}