{"id":1561,"date":"2023-05-17T11:10:48","date_gmt":"2023-05-17T15:10:48","guid":{"rendered":"https:\/\/jornaloalvorada.com.br\/site\/?p=1561"},"modified":"2023-05-17T11:10:51","modified_gmt":"2023-05-17T15:10:51","slug":"presidente-do-equador-decreta-dissolucao-do-parlamento-e-convoca-novas-eleicoes","status":"publish","type":"post","link":"https:\/\/jornaloalvorada.com.br\/site\/2023\/05\/17\/presidente-do-equador-decreta-dissolucao-do-parlamento-e-convoca-novas-eleicoes\/","title":{"rendered":"Presidente do Equador decreta dissolu\u00e7\u00e3o do Parlamento e convoca novas elei\u00e7\u00f5es"},"content":{"rendered":"\n<p>O presidente do <strong><a href=\"https:\/\/jovempan.com.br\/tag\/equador\">Equador<\/a><\/strong>, <strong><a href=\"https:\/\/jovempan.com.br\/tag\/guillermo-lasso\">Guillermo Lasso<\/a><\/strong>, decretou a dissolu\u00e7\u00e3o da Assembleia Nacional, o parlamento do pa\u00eds, e convocou novas elei\u00e7\u00f5es. O decreto foi publicado nesta quarta-feira, 17. A medida ocorre um dia ap\u00f3s a primeira audi\u00eancia do processo de impeachment contra Lasso, que teve abertura autorizada na semana passada. No decreto, Lasso determinou que o Conselho Nacional Eleitoral do Equador convoque novas elei\u00e7\u00f5es nos pr\u00f3ximos sete dias. Al\u00e9m disso, Lasso determinou o fim imediato do mandato de todos os deputados. \u201cEquatorianos, esta \u00e9 a melhor decis\u00e3o para dar uma solu\u00e7\u00e3o constitucional \u00e0 crise pol\u00edtica e como\u00e7\u00e3o interna que o Equador est\u00e1 enfrentando e devolver ao povo o poder de decidir seu futuro\u201d, escreveu o presidente nas redes sociais ao divulgar o decreto. Nesta ter\u00e7a-feira, ele compareceu \u00e0 Assembleia para apresentar sua defesa. O processo seria votado no pr\u00f3ximo s\u00e1bado, 20. O processo de impeachment foi aberto para investigar suposto favorecimento de uma petrol\u00edfera em contratos estatais.<\/p>\n\n\n\n<p><strong><em>Fonte: Jovem Pan<\/em><\/strong><\/p>\n","protected":false},"excerpt":{"rendered":"<p>O presidente do Equador, Guillermo Lasso, decretou a dissolu\u00e7\u00e3o da Assembleia Nacional, o parlamento do pa\u00eds, e convocou novas elei\u00e7\u00f5es.<\/p>\n","protected":false},"author":1,"featured_media":1562,"comment_status":"open","ping_status":"open","sticky":false,"template":"","format":"standard","meta":{"footnotes":""},"categories":[2],"tags":[],"class_list":["post-1561","post","type-post","status-publish","format-standard","has-post-thumbnail","hentry","category-noticias"],"_links":{"self":[{"href":"https:\/\/jornaloalvorada.com.br\/site\/wp-json\/wp\/v2\/posts\/1561","targetHints":{"allow":["GET"]}}],"collection":[{"href":"https:\/\/jornaloalvorada.com.br\/site\/wp-json\/wp\/v2\/posts"}],"about":[{"href":"https:\/\/jornaloalvorada.com.br\/site\/wp-json\/wp\/v2\/types\/post"}],"author":[{"embeddable":true,"href":"https:\/\/jornaloalvorada.com.br\/site\/wp-json\/wp\/v2\/users\/1"}],"replies":[{"embeddable":true,"href":"https:\/\/jornaloalvorada.com.br\/site\/wp-json\/wp\/v2\/comments?post=1561"}],"version-history":[{"count":1,"href":"https:\/\/jornaloalvorada.com.br\/site\/wp-json\/wp\/v2\/posts\/1561\/revisions"}],"predecessor-version":[{"id":1563,"href":"https:\/\/jornaloalvorada.com.br\/site\/wp-json\/wp\/v2\/posts\/1561\/revisions\/1563"}],"wp:featuredmedia":[{"embeddable":true,"href":"https:\/\/jornaloalvorada.com.br\/site\/wp-json\/wp\/v2\/media\/1562"}],"wp:attachment":[{"href":"https:\/\/jornaloalvorada.com.br\/site\/wp-json\/wp\/v2\/media?parent=1561"}],"wp:term":[{"taxonomy":"category","embeddable":true,"href":"https:\/\/jornaloalvorada.com.br\/site\/wp-json\/wp\/v2\/categories?post=1561"},{"taxonomy":"post_tag","embeddable":true,"href":"https:\/\/jornaloalvorada.com.br\/site\/wp-json\/wp\/v2\/tags?post=1561"}],"curies":[{"name":"wp","href":"https:\/\/api.w.org\/{rel}","templated":true}]}}