{"id":1553,"date":"2023-05-17T09:26:26","date_gmt":"2023-05-17T13:26:26","guid":{"rendered":"https:\/\/jornaloalvorada.com.br\/site\/?p=1553"},"modified":"2023-05-17T09:26:28","modified_gmt":"2023-05-17T13:26:28","slug":"ms-ocupa-a-1a-posicao-em-investimentos-por-habitantes-do-brasil-diz-valor-economico","status":"publish","type":"post","link":"https:\/\/jornaloalvorada.com.br\/site\/2023\/05\/17\/ms-ocupa-a-1a-posicao-em-investimentos-por-habitantes-do-brasil-diz-valor-economico\/","title":{"rendered":"MS ocupa a 1\u00aa posi\u00e7\u00e3o em investimentos por habitantes do Brasil, diz Valor Econ\u00f4mico"},"content":{"rendered":"\n<p>Reportagem divulgada pelo jornal Valor Econ\u00f4mico revela que Mato Grosso do Sul continua liderando o ranking de investimentos por habitantes, entre os 26 estados e o Distrito Federal. O Estado investiu cerca de R$ 1.177 por habitante em 2022. Os investimentos incluem, principalmente, obras de infraestrutura. O levantamento foi realizado, a partir do Relat\u00f3rio Resumido da Execu\u00e7\u00e3o Or\u00e7ament\u00e1ria (RREO), de cada unidade da federa\u00e7\u00e3o.<\/p>\n\n\n\n<p>Al\u00e9m de ocupar hoje a primeira posi\u00e7\u00e3o no ranking nacional, o crescimento nominal do gasto com investimento de Mato Grosso do Sul em 2022 foi de 122%, em rela\u00e7\u00e3o ao ano anterior (de R$ 528,74 para R$ 1.177,30).<\/p>\n\n\n\n<p>&#8220;Este indicador \u00e9 um sinal para a sociedade e investidores de que o Estado pauta o cidad\u00e3o como prioridade. O resultado obtido \u00e9 consequ\u00eancia de uma situa\u00e7\u00e3o de equil\u00edbrio fiscal apontada por um outro indicador importante, a Capacidade de Pagamento (Capag). Esse, sim, credencia o Estado a captar recursos, principalmente, financiamentos internacionais&#8221;, diz o secret\u00e1rio-executivo de Gest\u00e3o Estrat\u00e9gica e Municipalismo, Thaner Castro Nogueira.<\/p>\n\n\n\n<p>Ainda de acordo com o secret\u00e1rio Thaner, este indicador ratifica o momento de transforma\u00e7\u00e3o que vive o estado, refor\u00e7ando uma estrat\u00e9gia de avan\u00e7os nos pilares de inclus\u00e3o social, prosperidade, sustentabilidade e governo digital.<\/p>\n\n\n\n<p>O Estado tamb\u00e9m tem outros resultados de destaque, com a terceira menor taxa de desocupa\u00e7\u00e3o do Brasil, com 3,3%, segundo estudo do IBGE (Instituto Brasileiro de Geografia e Estat\u00edstica), que mede a taxa de empregos no Pa\u00eds, a PNAD Cont\u00ednua (Pesquisa Nacional por Amostragem Domiciliar &#8211; Mar\u00e7o\/2023).<\/p>\n\n\n\n<p>Al\u00e9m dos investimentos p\u00fablicos, Mato Grosso do Sul \u00e9 destaque por conta do ambiente de neg\u00f3cios que permite a atra\u00e7\u00e3o de capital privado, recebendo a f\u00e1brica de celulose da Suzano, em implanta\u00e7\u00e3o em Ribas do Rio Pardo, e do grupo Arauco, em Inoc\u00eancia, e a&nbsp;usina solar do grupo Solatio, em Cassil\u00e2ndia e Parana\u00edba, anunciada pelo governador Eduardo Riedel neste ano, entre muitos outros empreendimentos.<\/p>\n\n\n\n<p><strong>Governan\u00e7a e Gest\u00e3o<\/strong><\/p>\n\n\n\n<p>Todo este trabalho \u00e9 fruto de uma ferramenta gerencial e estrat\u00e9gica &#8211; os chamados contratos de gest\u00e3o &#8211; que busca o alinhamento das secretarias, autarquias e funda\u00e7\u00f5es, a partir da pactua\u00e7\u00e3o de resultados, mediante a negocia\u00e7\u00e3o de projetos e metas. O objetivo de firmar os contratos de gest\u00e3o \u00e9 melhorar a qualidade e efici\u00eancia dos servi\u00e7os p\u00fablicos prestados \u00e0 sociedade, e otimizar os gastos p\u00fablicos.<\/p>\n\n\n\n<p>Confira a mat\u00e9ria completa do Valor Econ\u00f4mico em: <a href=\"https:\/\/valor.globo.com\/politica\/noticia\/2023\/05\/15\/urnas-mostram-baixa-influencia-dos-investimentos-em-2022.ghtml\" target=\"_blank\" rel=\"noreferrer noopener\">https:\/\/valor.globo.com\/politica\/noticia\/2023\/05\/15\/urnas-mostram-baixa-influencia-dos-investimentos-em-2022.ghtml<\/a><\/p>\n\n\n\n<p><em><strong>Alexandre Gonzaga, Governo do Estado de MS<\/strong><\/em><\/p>\n\n\n\n<p><em><strong>Foto: Bruno Rezende<\/strong><\/em><\/p>\n","protected":false},"excerpt":{"rendered":"<p>Reportagem divulgada pelo jornal Valor Econ\u00f4mico revela que Mato Grosso do Sul continua liderando o ranking de investimentos por habitantes,<\/p>\n","protected":false},"author":1,"featured_media":1554,"comment_status":"open","ping_status":"open","sticky":false,"template":"","format":"standard","meta":{"footnotes":""},"categories":[2],"tags":[],"class_list":["post-1553","post","type-post","status-publish","format-standard","has-post-thumbnail","hentry","category-noticias"],"_links":{"self":[{"href":"https:\/\/jornaloalvorada.com.br\/site\/wp-json\/wp\/v2\/posts\/1553","targetHints":{"allow":["GET"]}}],"collection":[{"href":"https:\/\/jornaloalvorada.com.br\/site\/wp-json\/wp\/v2\/posts"}],"about":[{"href":"https:\/\/jornaloalvorada.com.br\/site\/wp-json\/wp\/v2\/types\/post"}],"author":[{"embeddable":true,"href":"https:\/\/jornaloalvorada.com.br\/site\/wp-json\/wp\/v2\/users\/1"}],"replies":[{"embeddable":true,"href":"https:\/\/jornaloalvorada.com.br\/site\/wp-json\/wp\/v2\/comments?post=1553"}],"version-history":[{"count":1,"href":"https:\/\/jornaloalvorada.com.br\/site\/wp-json\/wp\/v2\/posts\/1553\/revisions"}],"predecessor-version":[{"id":1555,"href":"https:\/\/jornaloalvorada.com.br\/site\/wp-json\/wp\/v2\/posts\/1553\/revisions\/1555"}],"wp:featuredmedia":[{"embeddable":true,"href":"https:\/\/jornaloalvorada.com.br\/site\/wp-json\/wp\/v2\/media\/1554"}],"wp:attachment":[{"href":"https:\/\/jornaloalvorada.com.br\/site\/wp-json\/wp\/v2\/media?parent=1553"}],"wp:term":[{"taxonomy":"category","embeddable":true,"href":"https:\/\/jornaloalvorada.com.br\/site\/wp-json\/wp\/v2\/categories?post=1553"},{"taxonomy":"post_tag","embeddable":true,"href":"https:\/\/jornaloalvorada.com.br\/site\/wp-json\/wp\/v2\/tags?post=1553"}],"curies":[{"name":"wp","href":"https:\/\/api.w.org\/{rel}","templated":true}]}}