{"id":1533,"date":"2023-05-16T13:18:39","date_gmt":"2023-05-16T17:18:39","guid":{"rendered":"https:\/\/jornaloalvorada.com.br\/site\/?p=1533"},"modified":"2023-05-16T13:22:32","modified_gmt":"2023-05-16T17:22:32","slug":"aniversario-de-jose-paleari","status":"publish","type":"post","link":"https:\/\/jornaloalvorada.com.br\/site\/2023\/05\/16\/aniversario-de-jose-paleari\/","title":{"rendered":"Anivers\u00e1rio de Jos\u00e9 Paleari"},"content":{"rendered":"\n<p>Anivers\u00e1rio do prefeito de Nova Alvorada do Sul, Jos\u00e9 Paulo Paleari. Comemorando com amigos e servidores p\u00fablicos.<\/p>\n\n\n\n<figure class=\"wp-block-image size-large\"><img loading=\"lazy\" decoding=\"async\" width=\"1024\" height=\"729\" src=\"https:\/\/jornaloalvorada.com.br\/site\/wp-content\/uploads\/2023\/05\/image-6-1024x729.png\" alt=\"\" class=\"wp-image-1536\" srcset=\"https:\/\/jornaloalvorada.com.br\/site\/wp-content\/uploads\/2023\/05\/image-6-1024x729.png 1024w, https:\/\/jornaloalvorada.com.br\/site\/wp-content\/uploads\/2023\/05\/image-6-300x214.png 300w, https:\/\/jornaloalvorada.com.br\/site\/wp-content\/uploads\/2023\/05\/image-6-768x547.png 768w, https:\/\/jornaloalvorada.com.br\/site\/wp-content\/uploads\/2023\/05\/image-6-1536x1094.png 1536w, https:\/\/jornaloalvorada.com.br\/site\/wp-content\/uploads\/2023\/05\/image-6.png 2048w\" sizes=\"auto, (max-width: 1024px) 100vw, 1024px\" \/><\/figure>\n\n\n\n<figure class=\"wp-block-image size-large\"><img loading=\"lazy\" decoding=\"async\" width=\"1024\" height=\"768\" src=\"https:\/\/jornaloalvorada.com.br\/site\/wp-content\/uploads\/2023\/05\/image-7-1024x768.png\" alt=\"\" class=\"wp-image-1538\" srcset=\"https:\/\/jornaloalvorada.com.br\/site\/wp-content\/uploads\/2023\/05\/image-7-1024x768.png 1024w, https:\/\/jornaloalvorada.com.br\/site\/wp-content\/uploads\/2023\/05\/image-7-300x225.png 300w, https:\/\/jornaloalvorada.com.br\/site\/wp-content\/uploads\/2023\/05\/image-7-768x576.png 768w, https:\/\/jornaloalvorada.com.br\/site\/wp-content\/uploads\/2023\/05\/image-7-1536x1152.png 1536w, https:\/\/jornaloalvorada.com.br\/site\/wp-content\/uploads\/2023\/05\/image-7.png 2048w\" sizes=\"auto, (max-width: 1024px) 100vw, 1024px\" \/><\/figure>\n\n\n\n<div class=\"wp-block-buttons alignwide is-layout-flex wp-block-buttons-is-layout-flex\">\n<div class=\"wp-block-button\"><a class=\"wp-block-button__link has-vivid-red-background-color has-background wp-element-button\" href=\"https:\/\/www.facebook.com\/photo?fbid=680357477435340&amp;set=pcb.680357840768637\" target=\"_blank\" rel=\"noreferrer noopener\">VEJA MAIS FOTOS; CLIQUE AQUI !!!<\/a><\/div>\n<\/div>\n","protected":false},"excerpt":{"rendered":"<p>Anivers\u00e1rio do prefeito de Nova Alvorada do Sul, Jos\u00e9 Paulo Paleari. Comemorando com amigos e servidores p\u00fablicos.<\/p>\n","protected":false},"author":1,"featured_media":1534,"comment_status":"open","ping_status":"open","sticky":false,"template":"","format":"standard","meta":{"footnotes":""},"categories":[3],"tags":[],"class_list":["post-1533","post","type-post","status-publish","format-standard","has-post-thumbnail","hentry","category-social"],"_links":{"self":[{"href":"https:\/\/jornaloalvorada.com.br\/site\/wp-json\/wp\/v2\/posts\/1533","targetHints":{"allow":["GET"]}}],"collection":[{"href":"https:\/\/jornaloalvorada.com.br\/site\/wp-json\/wp\/v2\/posts"}],"about":[{"href":"https:\/\/jornaloalvorada.com.br\/site\/wp-json\/wp\/v2\/types\/post"}],"author":[{"embeddable":true,"href":"https:\/\/jornaloalvorada.com.br\/site\/wp-json\/wp\/v2\/users\/1"}],"replies":[{"embeddable":true,"href":"https:\/\/jornaloalvorada.com.br\/site\/wp-json\/wp\/v2\/comments?post=1533"}],"version-history":[{"count":2,"href":"https:\/\/jornaloalvorada.com.br\/site\/wp-json\/wp\/v2\/posts\/1533\/revisions"}],"predecessor-version":[{"id":1540,"href":"https:\/\/jornaloalvorada.com.br\/site\/wp-json\/wp\/v2\/posts\/1533\/revisions\/1540"}],"wp:featuredmedia":[{"embeddable":true,"href":"https:\/\/jornaloalvorada.com.br\/site\/wp-json\/wp\/v2\/media\/1534"}],"wp:attachment":[{"href":"https:\/\/jornaloalvorada.com.br\/site\/wp-json\/wp\/v2\/media?parent=1533"}],"wp:term":[{"taxonomy":"category","embeddable":true,"href":"https:\/\/jornaloalvorada.com.br\/site\/wp-json\/wp\/v2\/categories?post=1533"},{"taxonomy":"post_tag","embeddable":true,"href":"https:\/\/jornaloalvorada.com.br\/site\/wp-json\/wp\/v2\/tags?post=1533"}],"curies":[{"name":"wp","href":"https:\/\/api.w.org\/{rel}","templated":true}]}}