{"id":1530,"date":"2023-05-16T09:24:29","date_gmt":"2023-05-16T13:24:29","guid":{"rendered":"https:\/\/jornaloalvorada.com.br\/site\/?p=1530"},"modified":"2023-05-16T09:24:31","modified_gmt":"2023-05-16T13:24:31","slug":"sol-tempo-seco-e-baixas-temperaturas-pela-manha-a-previsao-do-tempo-para-esta-terca-feira","status":"publish","type":"post","link":"https:\/\/jornaloalvorada.com.br\/site\/2023\/05\/16\/sol-tempo-seco-e-baixas-temperaturas-pela-manha-a-previsao-do-tempo-para-esta-terca-feira\/","title":{"rendered":"Sol, tempo seco e baixas temperaturas pela manh\u00e3: a previs\u00e3o do tempo para esta ter\u00e7a-feira"},"content":{"rendered":"\n<p>Para esta ter\u00e7a-feira (16), a previs\u00e3o do Cemtec (Centro de Monitoramento do Tempo e do Clima) indica tempo est\u00e1vel, com sol e varia\u00e7\u00e3o de nebulosidade devido a atua\u00e7\u00e3o de um sistema de alta press\u00e3o. Isso significa que a massa de ar mais fria favorece o tempo seco em Mato Grosso do Sul.<\/p>\n\n\n\n<p>Em Campo Grande, o dia come\u00e7a com m\u00ednima de 13\u00baC e a m\u00e1xima de 27\u00baC. Em Dourados, m\u00ednima de 12\u00baC e m\u00e1xima de 27\u00baC. No Sul do Estado, Iguatemi registra m\u00ednima de 9\u00baC, mas a m\u00e1xima sobe at\u00e9 27\u00baC; Ponta Por\u00e3 com m\u00ednima de 12\u00b0C e m\u00e1xima de 25\u00b0C.<\/p>\n\n\n\n<p>As temperaturas mais elevadas ficam por conta das regi\u00f5es do Pantanal, Sudoeste, Norte e Bols\u00e3o. Corumb\u00e1 ter\u00e1 m\u00ednima de 16\u00b0C e m\u00e1xima de 28\u00b0C. Porto Murtinho com m\u00ednima de 14\u00b0C e m\u00e1xima de 29\u00b0C. No Norte do Estado, Coxim fica com a m\u00e1xima de 31\u00b0C \u2013 a mais alta no Estado durante a ter\u00e7a-feira. E no Bols\u00e3o, a m\u00ednima ser\u00e1 de 12\u00baC e a m\u00e1xima atinge 29\u00b0C.<\/p>\n\n\n\n<p><em><strong>Jo\u00e3o Pedro Flores, do Programa de Est\u00e1gio Supervisionado<\/strong><\/em><\/p>\n\n\n\n<p><em><strong>Foto: \u00c1lvaro Rezende<\/strong><\/em><\/p>\n","protected":false},"excerpt":{"rendered":"<p>Para esta ter\u00e7a-feira (16), a previs\u00e3o do Cemtec (Centro de Monitoramento do Tempo e do Clima) indica tempo est\u00e1vel, com<\/p>\n","protected":false},"author":1,"featured_media":1102,"comment_status":"open","ping_status":"open","sticky":false,"template":"","format":"standard","meta":{"footnotes":""},"categories":[2],"tags":[],"class_list":["post-1530","post","type-post","status-publish","format-standard","has-post-thumbnail","hentry","category-noticias"],"_links":{"self":[{"href":"https:\/\/jornaloalvorada.com.br\/site\/wp-json\/wp\/v2\/posts\/1530","targetHints":{"allow":["GET"]}}],"collection":[{"href":"https:\/\/jornaloalvorada.com.br\/site\/wp-json\/wp\/v2\/posts"}],"about":[{"href":"https:\/\/jornaloalvorada.com.br\/site\/wp-json\/wp\/v2\/types\/post"}],"author":[{"embeddable":true,"href":"https:\/\/jornaloalvorada.com.br\/site\/wp-json\/wp\/v2\/users\/1"}],"replies":[{"embeddable":true,"href":"https:\/\/jornaloalvorada.com.br\/site\/wp-json\/wp\/v2\/comments?post=1530"}],"version-history":[{"count":1,"href":"https:\/\/jornaloalvorada.com.br\/site\/wp-json\/wp\/v2\/posts\/1530\/revisions"}],"predecessor-version":[{"id":1531,"href":"https:\/\/jornaloalvorada.com.br\/site\/wp-json\/wp\/v2\/posts\/1530\/revisions\/1531"}],"wp:featuredmedia":[{"embeddable":true,"href":"https:\/\/jornaloalvorada.com.br\/site\/wp-json\/wp\/v2\/media\/1102"}],"wp:attachment":[{"href":"https:\/\/jornaloalvorada.com.br\/site\/wp-json\/wp\/v2\/media?parent=1530"}],"wp:term":[{"taxonomy":"category","embeddable":true,"href":"https:\/\/jornaloalvorada.com.br\/site\/wp-json\/wp\/v2\/categories?post=1530"},{"taxonomy":"post_tag","embeddable":true,"href":"https:\/\/jornaloalvorada.com.br\/site\/wp-json\/wp\/v2\/tags?post=1530"}],"curies":[{"name":"wp","href":"https:\/\/api.w.org\/{rel}","templated":true}]}}