{"id":1516,"date":"2023-05-15T09:03:35","date_gmt":"2023-05-15T13:03:35","guid":{"rendered":"https:\/\/jornaloalvorada.com.br\/site\/?p=1516"},"modified":"2023-05-15T09:03:37","modified_gmt":"2023-05-15T13:03:37","slug":"proprietarios-de-veiculos-tem-ate-o-fim-do-mes-para-pagar-ultima-parcela-do-ipva","status":"publish","type":"post","link":"https:\/\/jornaloalvorada.com.br\/site\/2023\/05\/15\/proprietarios-de-veiculos-tem-ate-o-fim-do-mes-para-pagar-ultima-parcela-do-ipva\/","title":{"rendered":"Propriet\u00e1rios de ve\u00edculos t\u00eam at\u00e9 o fim do m\u00eas para pagar \u00faltima parcela do IPVA"},"content":{"rendered":"\n<p>A 5\u00aa e \u00faltima parcela do IPVA (Imposto sobre a Propriedade de Ve\u00edculos Automotores) 2023 tem vencimento em 31 de maio para os propriet\u00e1rios de ve\u00edculos em Mato Grosso do Sul.<\/p>\n\n\n\n<p>Quem n\u00e3o recebeu ou perdeu o boleto pode acessar a segunda via pelo canal de atendimento na internet:<a href=\"http:\/\/www.autoatendimento.ms.gov.br\/ipva\" target=\"_blank\" rel=\"noreferrer noopener\"> www.autoatendimento.ms.gov.br\/ipva<\/a>.<\/p>\n\n\n\n<p>A arrecada\u00e7\u00e3o ajuda no desenvolvimento do Estado e dos munic\u00edpios. Do montante, metade \u00e9 destinado \u00e0s prefeituras das cidades de onde o ve\u00edculo foi emplacado.<\/p>\n\n\n\n<p><strong>PIX<\/strong><\/p>\n\n\n\n<p>Neste ano, todos os d\u00e9bitos estaduais podem ser pagos por meio do PIX \u2013 o sistema desenvolvido pelo Banco Central que permite opera\u00e7\u00f5es financeiras em tempo real. A iniciativa da Sefaz (Secretaria de Estado de Fazenda) tem o objetivo de desburocratizar, facilitar o acesso e agilizar o dia a dia das pessoas.<\/p>\n\n\n\n<p>Ao optar por essa forma de pagamento, o prazo para baixa do d\u00e9bito \u00e9 reduzido de at\u00e9 24h, para no m\u00e1ximo 5 minutos, j\u00e1 que o retorno banc\u00e1rio \u00e9 instant\u00e2neo.<\/p>\n\n\n\n<p>S\u00e3o aceitos pagamentos realizados por qualquer pessoa f\u00edsica ou jur\u00eddica que tenha uma conta em uma institui\u00e7\u00e3o financeira ou institui\u00e7\u00e3o de pagamento, incluindo os bancos que n\u00e3o s\u00e3o conveniados com o Governo do Estado como os digitais, desde que sejam participantes do PIX.<\/p>\n\n\n\n<p>Importante ressaltar que o limite de hor\u00e1rio e valor para realizar as transa\u00e7\u00f5es s\u00e3o regras determinadas pelo Banco Central. O pagamento por PIX consta no contrato de presta\u00e7\u00e3o de servi\u00e7o assinado entre o Governo do Estado e o Banco do Brasil.<\/p>\n\n\n\n<p><em><strong>Comunica\u00e7\u00e3o do Governo de MS<\/strong><\/em><\/p>\n\n\n\n<p><em><strong>Foto: Bruno Rezende<\/strong><\/em><\/p>\n","protected":false},"excerpt":{"rendered":"<p>A 5\u00aa e \u00faltima parcela do IPVA (Imposto sobre a Propriedade de Ve\u00edculos Automotores) 2023 tem vencimento em 31 de<\/p>\n","protected":false},"author":1,"featured_media":1517,"comment_status":"open","ping_status":"open","sticky":false,"template":"","format":"standard","meta":{"footnotes":""},"categories":[2],"tags":[],"class_list":["post-1516","post","type-post","status-publish","format-standard","has-post-thumbnail","hentry","category-noticias"],"_links":{"self":[{"href":"https:\/\/jornaloalvorada.com.br\/site\/wp-json\/wp\/v2\/posts\/1516","targetHints":{"allow":["GET"]}}],"collection":[{"href":"https:\/\/jornaloalvorada.com.br\/site\/wp-json\/wp\/v2\/posts"}],"about":[{"href":"https:\/\/jornaloalvorada.com.br\/site\/wp-json\/wp\/v2\/types\/post"}],"author":[{"embeddable":true,"href":"https:\/\/jornaloalvorada.com.br\/site\/wp-json\/wp\/v2\/users\/1"}],"replies":[{"embeddable":true,"href":"https:\/\/jornaloalvorada.com.br\/site\/wp-json\/wp\/v2\/comments?post=1516"}],"version-history":[{"count":1,"href":"https:\/\/jornaloalvorada.com.br\/site\/wp-json\/wp\/v2\/posts\/1516\/revisions"}],"predecessor-version":[{"id":1518,"href":"https:\/\/jornaloalvorada.com.br\/site\/wp-json\/wp\/v2\/posts\/1516\/revisions\/1518"}],"wp:featuredmedia":[{"embeddable":true,"href":"https:\/\/jornaloalvorada.com.br\/site\/wp-json\/wp\/v2\/media\/1517"}],"wp:attachment":[{"href":"https:\/\/jornaloalvorada.com.br\/site\/wp-json\/wp\/v2\/media?parent=1516"}],"wp:term":[{"taxonomy":"category","embeddable":true,"href":"https:\/\/jornaloalvorada.com.br\/site\/wp-json\/wp\/v2\/categories?post=1516"},{"taxonomy":"post_tag","embeddable":true,"href":"https:\/\/jornaloalvorada.com.br\/site\/wp-json\/wp\/v2\/tags?post=1516"}],"curies":[{"name":"wp","href":"https:\/\/api.w.org\/{rel}","templated":true}]}}