{"id":1467,"date":"2023-05-11T15:20:33","date_gmt":"2023-05-11T19:20:33","guid":{"rendered":"https:\/\/jornaloalvorada.com.br\/site\/?p=1467"},"modified":"2023-05-11T15:20:37","modified_gmt":"2023-05-11T19:20:37","slug":"deputado-aponta-racismo-durante-inspecao-em-voo-policia-federal-apura","status":"publish","type":"post","link":"https:\/\/jornaloalvorada.com.br\/site\/2023\/05\/11\/deputado-aponta-racismo-durante-inspecao-em-voo-policia-federal-apura\/","title":{"rendered":"Deputado aponta racismo durante inspe\u00e7\u00e3o em voo; Pol\u00edcia Federal apura"},"content":{"rendered":"\n<p>O deputado estadual Renato Freitas (PT-PR) afirmou ter sido v\u00edtima de racismo durante abordagem policial ocorrida no&nbsp;embarque de&nbsp;um voo que seguiria de Foz do Igua\u00e7u (PR) para Londrina (PR). Um v\u00eddeo gravado no dia 3 de maio e publicado nas redes sociais do pr\u00f3prio parlamentar mostra Freitas saindo da aeronave e, em seguida, sendo inspecionando junto a sua bagagem de bordo.<\/p>\n\n\n\n<p>No v\u00eddeo, um dos agentes da Pol\u00edcia Federal alega\u00a0que o procedimento \u00e9 aleat\u00f3rio e definido pelo sistema. \u201cQuando o sistema pede para fazer, tem que ser feito na mochila da pessoa e na pessoa. Isso \u00e9 feito o dia inteiro aqui\u201d, afirma um dos policiais. Ao final da inspe\u00e7\u00e3o, j\u00e1 retornando \u00e0 aeronave, o deputado se refere aos agentes como \u201cbando de racistas ignorantes\u201d e se diz humilhado por ter sido o \u00fanico passageiro retirado do voo para a revista.<\/p>\n\n\n\n<figure class=\"wp-block-embed is-type-rich is-provider-twitter wp-block-embed-twitter\"><div class=\"wp-block-embed__wrapper\">\n<blockquote class=\"twitter-tweet\" data-width=\"550\" data-dnt=\"true\"><p lang=\"pt\" dir=\"ltr\">Hoje estou voando para Londrina, e semana que vem para o Rio de Janeiro.<br><br>Espero que, ao contr\u00e1rio desse sorteio no Aeroporto de Foz do Igua\u00e7u, eu n\u00e3o seja escolhido aleatoriamente de novo, kkkkk Mega-Sena que \u00e9 bom nada, s\u00f3 sorteio ruim kkkk<br><br>Tamo junto fam\u00edlia, o lar do\u2026 <a href=\"https:\/\/t.co\/GnPGoYhUsG\">pic.twitter.com\/GnPGoYhUsG<\/a><\/p>&mdash; Renato Freitas (@Renatoafjr) <a href=\"https:\/\/twitter.com\/Renatoafjr\/status\/1656422339276414976?ref_src=twsrc%5Etfw\">May 10, 2023<\/a><\/blockquote><script async src=\"https:\/\/platform.twitter.com\/widgets.js\" charset=\"utf-8\"><\/script>\n<\/div><\/figure>\n\n\n\n<h2 class=\"wp-block-heading\">Resolu\u00e7\u00e3o Anac&nbsp;<\/h2>\n\n\n\n<p>Em nota, a PF informou que, no dia 3 de maio, foi acionada para auxiliar um agente de prote\u00e7\u00e3o da avia\u00e7\u00e3o civil na inspe\u00e7\u00e3o de um passageiro que teria se recusado a se submeter a medidas adicionais de seguran\u00e7a no aeroporto.<\/p>\n\n\n\n<p>\u201cEste teria se recusado a passar pelo procedimento no local indicado e se dirigido diretamente at\u00e9 a aeronave. Dessa forma, a equipe de inspe\u00e7\u00e3o do aeroporto acionou a PF para que a acompanhasse at\u00e9 o avi\u00e3o e procedesse \u00e0 inspe\u00e7\u00e3o devida\u201d.<\/p>\n\n\n\n<p>\u201cA Pol\u00edcia Federal esclarece que todos os procedimentos foram realizados em conformidade com a resolu\u00e7\u00e3o da Ag\u00eancia Nacional de Avia\u00e7\u00e3o Civil (Anac). Ressalta ainda que eventuais abusos ou falhas na condu\u00e7\u00e3o do procedimento ser\u00e3o apurados\u201d, conclui&nbsp;a nota.<\/p>\n\n\n\n<p>O normativo a que a PF se refere \u00e9 a&nbsp;<a href=\"http:\/\/www.anac.gov.br\/assuntos\/legislacao\/legislacao-1\/resolucoes\/2019\/resolucao-no-515-08-05-2019\" target=\"_blank\" rel=\"noreferrer noopener\">Resolu\u00e7\u00e3o n\u00b0 515 de 8 de maio de 2019<\/a>, que disp\u00f5e sobre procedimentos de inspe\u00e7\u00e3o da avia\u00e7\u00e3o civil contra atos de interfer\u00eancia il\u00edcita em aeroportos. O texto prev\u00ea que, \u201caleatoriamente e sempre que julgado necess\u00e1rio, os passageiros devem passar por medidas adicionais de seguran\u00e7a, que podem incluir busca pessoal, inspe\u00e7\u00e3o manual da bagagem de m\u00e3o e a utiliza\u00e7\u00e3o de detectores de tra\u00e7os de explosivos e outros equipamentos de seguran\u00e7a\u201d.<\/p>\n\n\n\n<h2 class=\"wp-block-heading\">Contradi\u00e7\u00e3o<\/h2>\n\n\n\n<p>Em resposta \u00e0 vers\u00e3o da Pol\u00edcia Federal, a assessoria do deputado Renato Freitas informou que \u201cem nenhum momento houve recusa para a revista\u201d. De acordo com o relato, ele cumpriu o procedimento padr\u00e3o de passar pelo detector de metais e seus pertences pelo&nbsp;<em>scanner<\/em>&nbsp;de bagagem, assim como os demais passageiros.&nbsp;<\/p>\n\n\n\n<p>\u201cDepois, no entanto, uma Agente de Prote\u00e7\u00e3o da Avia\u00e7\u00e3o Civil (Apac)&nbsp;o interceptou, dizendo que, al\u00e9m de passar pelos aparelhos, ele teria sido \u201csorteado\u201d para uma revista minuciosa\u201d, diz a nota. Segundo o deputado, n\u00e3o houve sinaliza\u00e7\u00e3o visual, apito ou qualquer apontamento dessa vistoria aleat\u00f3ria.&nbsp;<\/p>\n\n\n\n<p>\u201cFreitas atendeu prontamente, sem nenhuma resist\u00eancia. Por conta do embarque estar sendo encerrado, o deputado pediu \u00e0 funcion\u00e1ria que avisasse a companhia a\u00e9rea que ele logo chegaria, para que n\u00e3o perdesse o voo. Em resposta, a funcion\u00e1ria disse que n\u00e3o poderia realizar o pedido e se retirou\u201d, aponta o relato.<\/p>\n\n\n\n<p>O deputado permaneceu na \u00e1rea do raio-x, aguardando o encaminhamento por parte da agente, enquanto reafirmava que \u201cpoderiam seguir com a revista nele e nos seus pertences\u201d.&nbsp;<\/p>\n\n\n\n<p>\u201cComo n\u00e3o houve interesse da revista por parte dos funcion\u00e1rios que estavam ali, Renato seguiu para o avi\u00e3o, onde minutos depois foi surpreendido pela Pol\u00edcia Federal, acompanhada justamente de um dos funcion\u00e1rios que j\u00e1 haviam se negado em fazer a revista no&nbsp;<em>scanner<\/em>&nbsp;de bagagem. O funcion\u00e1rio, inclusive, admitiu, diante da PF, e da grava\u00e7\u00e3o que Freitas fez pelo celular, que o deputado havia permitido a revista no momento do embarque\u201d, acrescenta.&nbsp;<\/p>\n\n\n\n<p>Para o deputado, as informa\u00e7\u00f5es divulgadas pela PF s\u00e3o contradit\u00f3rias. \u201cO deputado em momento algum se negou a passar pela revista, ainda que seja no m\u00ednimo estranho que ele tenha sido o \u00fanico \u2018escolhido\u2019 para tal procedimento durante o embarque. Em todo o momento, Freitas esteve disposto a seguir todas as orienta\u00e7\u00f5es dos funcion\u00e1rios, como os v\u00eddeos demonstram. Al\u00e9m disso, a nota tamb\u00e9m n\u00e3o menciona as c\u00e2meras de seguran\u00e7a do aeroporto, que poderiam esclarecer o caso.\u201d<\/p>\n\n\n\n<p>O parlamentar pede a apura\u00e7\u00e3o do caso e considera que a maior responsabilidade pelo constrangimento passado pelo deputado n\u00e3o \u00e9 da Pol\u00edcia Federal, mas dos Agentes de Prote\u00e7\u00e3o da Avia\u00e7\u00e3o Civil, que acionaram os policiais. \u201cEstes, sim, devem ser responsabilizados por, mesmo sem qualquer ind\u00edcio, terem enxergado Renato como um potencial criminoso, al\u00e9m de n\u00e3o terem seguido os procedimentos aos quais o deputado n\u00e3o se negou\u201d, avalia a assessoria do deputado. Por fim, ele&nbsp;pede que as filmagens do circuito interno de monitoramento do aeroporto sejam disponibilizadas ao p\u00fablico para elucidar qualquer d\u00favida sobre o epis\u00f3dio.<\/p>\n\n\n\n<p>A&nbsp;<strong>Ag\u00eancia Brasil<\/strong>&nbsp;procurou novamente a Pol\u00edcia Federal, que reafirmou o conte\u00fado da nota inicial sobre o caso. A reportagem tamb\u00e9m entrou em contato com a Anac e aguarda resposta. Em nota, a CCR Aeroportos, empresa que administra o aeroporto de Foz do Igua\u00e7u,&nbsp;afirma que \u201co v\u00eddeo do deputado \u00e9 um questionamento \u00e0 abordagem dos agentes da PF e a PF j\u00e1 se manifestou sobre o assunto\u201d.<\/p>\n\n\n\n<p><strong><em>Fonte: Ag\u00eancia Brasil <\/em><\/strong><\/p>\n","protected":false},"excerpt":{"rendered":"<p>O deputado estadual Renato Freitas (PT-PR) afirmou ter sido v\u00edtima de racismo durante abordagem policial ocorrida no&nbsp;embarque de&nbsp;um voo que<\/p>\n","protected":false},"author":1,"featured_media":1468,"comment_status":"open","ping_status":"open","sticky":false,"template":"","format":"standard","meta":{"footnotes":""},"categories":[2],"tags":[],"class_list":["post-1467","post","type-post","status-publish","format-standard","has-post-thumbnail","hentry","category-noticias"],"_links":{"self":[{"href":"https:\/\/jornaloalvorada.com.br\/site\/wp-json\/wp\/v2\/posts\/1467","targetHints":{"allow":["GET"]}}],"collection":[{"href":"https:\/\/jornaloalvorada.com.br\/site\/wp-json\/wp\/v2\/posts"}],"about":[{"href":"https:\/\/jornaloalvorada.com.br\/site\/wp-json\/wp\/v2\/types\/post"}],"author":[{"embeddable":true,"href":"https:\/\/jornaloalvorada.com.br\/site\/wp-json\/wp\/v2\/users\/1"}],"replies":[{"embeddable":true,"href":"https:\/\/jornaloalvorada.com.br\/site\/wp-json\/wp\/v2\/comments?post=1467"}],"version-history":[{"count":1,"href":"https:\/\/jornaloalvorada.com.br\/site\/wp-json\/wp\/v2\/posts\/1467\/revisions"}],"predecessor-version":[{"id":1469,"href":"https:\/\/jornaloalvorada.com.br\/site\/wp-json\/wp\/v2\/posts\/1467\/revisions\/1469"}],"wp:featuredmedia":[{"embeddable":true,"href":"https:\/\/jornaloalvorada.com.br\/site\/wp-json\/wp\/v2\/media\/1468"}],"wp:attachment":[{"href":"https:\/\/jornaloalvorada.com.br\/site\/wp-json\/wp\/v2\/media?parent=1467"}],"wp:term":[{"taxonomy":"category","embeddable":true,"href":"https:\/\/jornaloalvorada.com.br\/site\/wp-json\/wp\/v2\/categories?post=1467"},{"taxonomy":"post_tag","embeddable":true,"href":"https:\/\/jornaloalvorada.com.br\/site\/wp-json\/wp\/v2\/tags?post=1467"}],"curies":[{"name":"wp","href":"https:\/\/api.w.org\/{rel}","templated":true}]}}