{"id":1462,"date":"2023-05-11T10:13:46","date_gmt":"2023-05-11T14:13:46","guid":{"rendered":"https:\/\/jornaloalvorada.com.br\/site\/?p=1462"},"modified":"2023-05-11T10:13:49","modified_gmt":"2023-05-11T14:13:49","slug":"quinta-feira-tera-o-frio-mais-intenso-da-semana-em-mato-grosso-do-sul","status":"publish","type":"post","link":"https:\/\/jornaloalvorada.com.br\/site\/2023\/05\/11\/quinta-feira-tera-o-frio-mais-intenso-da-semana-em-mato-grosso-do-sul\/","title":{"rendered":"Quinta-feira ter\u00e1 o frio mais intenso da semana em Mato Grosso do Sul"},"content":{"rendered":"\n<p>Na quinta-feira (11), Mato Grosso do Sul ter\u00e1 o frio mais significativo da semana. De acordo com o Cemtec (Centro de Monitoramento do Tempo e do Clima), ap\u00f3s a passagem da frente fria, ter\u00e1 queda mais acentuada das temperaturas, com valores que variam entre 14\u00b0C e 16\u00b0C, principalmente para a regi\u00e3o Sul do Estado.<\/p>\n\n\n\n<p>Ainda segundo o Cemtec, em Campo Grande, a m\u00ednima ser\u00e1 de 19\u00baC e a m\u00e1xima de 27\u00baC. Em Dourados, m\u00ednima de 17\u00baC e m\u00e1xima de 26\u00baC. No Sul, onde as temperaturas ser\u00e3o as mais baixas no Estado, Ponta Por\u00e3 ter\u00e1 m\u00ednima de 15\u00baC e m\u00e1xima de 26\u00baC; Iguatemi fica com m\u00ednima de 14\u00b0C e m\u00e1xima de 26\u00b0C. No Bols\u00e3o, Tr\u00eas Lagoas ter\u00e1 m\u00ednima de 20\u00b0C e m\u00e1xima de 30\u00b0C.<\/p>\n\n\n\n<p>No Pantanal, a temperatura em Aquidauana ser\u00e1 com m\u00ednima de 20\u00baC e a m\u00e1xima de 29\u00baC; em Corumb\u00e1, m\u00ednima de 20\u00b0C e m\u00e1xima de 26\u00b0C. Em Porto Murtinho, a m\u00ednima ser\u00e1 de 19\u00b0C e m\u00e1xima de 24\u00b0C. No Norte, Coxim com m\u00ednima de 22\u00baC e a m\u00e1xima atinge os 31\u00b0C; Camapu\u00e3 com m\u00ednima de 20\u00b0C e m\u00e1xima de 29\u00b0C.<\/p>\n\n\n\n<p><em><strong>Jo\u00e3o Pedro Flores, do Programa de Est\u00e1gio Supervisionado<\/strong><\/em><\/p>\n\n\n\n<p><em><strong>Foto: \u00c1lvaro Rezende<\/strong><\/em><\/p>\n","protected":false},"excerpt":{"rendered":"<p>Na quinta-feira (11), Mato Grosso do Sul ter\u00e1 o frio mais significativo da semana. De acordo com o Cemtec (Centro<\/p>\n","protected":false},"author":1,"featured_media":1167,"comment_status":"open","ping_status":"open","sticky":false,"template":"","format":"standard","meta":{"footnotes":""},"categories":[2],"tags":[],"class_list":["post-1462","post","type-post","status-publish","format-standard","has-post-thumbnail","hentry","category-noticias"],"_links":{"self":[{"href":"https:\/\/jornaloalvorada.com.br\/site\/wp-json\/wp\/v2\/posts\/1462","targetHints":{"allow":["GET"]}}],"collection":[{"href":"https:\/\/jornaloalvorada.com.br\/site\/wp-json\/wp\/v2\/posts"}],"about":[{"href":"https:\/\/jornaloalvorada.com.br\/site\/wp-json\/wp\/v2\/types\/post"}],"author":[{"embeddable":true,"href":"https:\/\/jornaloalvorada.com.br\/site\/wp-json\/wp\/v2\/users\/1"}],"replies":[{"embeddable":true,"href":"https:\/\/jornaloalvorada.com.br\/site\/wp-json\/wp\/v2\/comments?post=1462"}],"version-history":[{"count":1,"href":"https:\/\/jornaloalvorada.com.br\/site\/wp-json\/wp\/v2\/posts\/1462\/revisions"}],"predecessor-version":[{"id":1463,"href":"https:\/\/jornaloalvorada.com.br\/site\/wp-json\/wp\/v2\/posts\/1462\/revisions\/1463"}],"wp:featuredmedia":[{"embeddable":true,"href":"https:\/\/jornaloalvorada.com.br\/site\/wp-json\/wp\/v2\/media\/1167"}],"wp:attachment":[{"href":"https:\/\/jornaloalvorada.com.br\/site\/wp-json\/wp\/v2\/media?parent=1462"}],"wp:term":[{"taxonomy":"category","embeddable":true,"href":"https:\/\/jornaloalvorada.com.br\/site\/wp-json\/wp\/v2\/categories?post=1462"},{"taxonomy":"post_tag","embeddable":true,"href":"https:\/\/jornaloalvorada.com.br\/site\/wp-json\/wp\/v2\/tags?post=1462"}],"curies":[{"name":"wp","href":"https:\/\/api.w.org\/{rel}","templated":true}]}}