{"id":1452,"date":"2023-05-09T16:04:05","date_gmt":"2023-05-09T20:04:05","guid":{"rendered":"https:\/\/jornaloalvorada.com.br\/site\/?p=1452"},"modified":"2023-05-09T16:04:11","modified_gmt":"2023-05-09T20:04:11","slug":"justica-da-espanha-nega-novo-pedido-e-mantem-daniel-alves-preso-em-barcelona","status":"publish","type":"post","link":"https:\/\/jornaloalvorada.com.br\/site\/2023\/05\/09\/justica-da-espanha-nega-novo-pedido-e-mantem-daniel-alves-preso-em-barcelona\/","title":{"rendered":"Justi\u00e7a da Espanha nega novo pedido e mant\u00e9m Daniel Alves preso em Barcelona"},"content":{"rendered":"\n<p>A <strong>Justi\u00e7a da Espanha<\/strong> rejeitou o novo pedido da defesa de <strong><a href=\"https:\/\/jovempan.com.br\/tag\/daniel-alves\">Daniel Alves<\/a><\/strong> e decidiu manter o jogador preso no Centro Penitenci\u00e1rio Brians II, em Barcelona. <a href=\"https:\/\/jovempan.com.br\/esportes\/futebol\/futebol-internacional\/mp-de-barcelona-alega-risco-de-fuga-e-rejeita-novo-pedido-de-liberdade-de-daniel-alves.html\">Seguindo a orienta\u00e7\u00e3o do Minist\u00e9rio P\u00fablico<\/a>, os ju\u00edzes alegaram risco de fuga do brasileiro, detido desde 20 de janeiro ap\u00f3s ser acusado de agredir e violentar sexualmente uma jovem espanhola. Na nova solicita\u00e7\u00e3o, o advogado do veterano, <strong>Crist\u00f3bal Martell<\/strong>, anexou imagens de seguran\u00e7a da boate Sutton, local onde o crime teria acontecido. Ainda assim, as autoridades locais determinaram que o atleta permane\u00e7a preso preventivamente at\u00e9 o fim da investiga\u00e7\u00e3o. Isto, por\u00e9m, n\u00e3o impede que os representantes de <strong><a href=\"https:\/\/jovempan.com.br\/tag\/selecao-brasileira\">Dani Alves<\/a><\/strong> apresentem novas provas para tentar tirar o ex-sele\u00e7\u00e3o brasileira do c\u00e1rcere.<\/p>\n\n\n\n<p>Daniel Alves \u00e9 acusado de ter abusado e violentado uma jovem de 23 anos, no dia 30 de dezembro do ano passado, na boate Sutton, na Catalunha. No m\u00eas seguinte, a m\u00e3e de Joana Sanz veio a \u00f3bito, v\u00edtima de um c\u00e2ncer de \u00fatero. O jogador brasileiro, inclusive, foi preso na Espanha ap\u00f3s comparecer ao vel\u00f3rio de sua sogra, no dia 20 de janeiro. Al\u00e9m do depoimento, a mulher que acusa o atleta conta com v\u00eddeos de c\u00e2meras de seguran\u00e7a do local e exames de corpo de delito para provar o crime \u2014\u00a0<a href=\"https:\/\/jovempan.com.br\/esportes\/em-depoimento-mulher-que-acusa-daniel-alves-por-agressao-sexual-diz-que-nao-quer-ser-indenizada.html\">a jovem n\u00e3o busca ser indenizada<\/a>. O ex-ala de Barcelona, Sevilla, PSG, Juventus e S\u00e3o Paulo, por sua vez, mudou de vers\u00f5es v\u00e1rias vezes sobre o ocorrido.\u00a0<a href=\"https:\/\/jovempan.com.br\/esportes\/futebol\/futebol-internacional\/daniel-alves-diz-que-nao-se-lembra-do-que-aconteceu-em-boate-por-estar-bebado-diz-tv.html\">As contradi\u00e7\u00f5es apresentadas por Daniel Alves em seu depoimento, inclusive, teriam sido decisivas para a ordem de pris\u00e3o preventiva.<\/a><\/p>\n\n\n\n<p><strong><em>Fonte: Jovem Pan<\/em><\/strong><\/p>\n","protected":false},"excerpt":{"rendered":"<p>A Justi\u00e7a da Espanha rejeitou o novo pedido da defesa de Daniel Alves e decidiu manter o jogador preso no<\/p>\n","protected":false},"author":1,"featured_media":1453,"comment_status":"open","ping_status":"open","sticky":false,"template":"","format":"standard","meta":{"footnotes":""},"categories":[2],"tags":[],"class_list":["post-1452","post","type-post","status-publish","format-standard","has-post-thumbnail","hentry","category-noticias"],"_links":{"self":[{"href":"https:\/\/jornaloalvorada.com.br\/site\/wp-json\/wp\/v2\/posts\/1452","targetHints":{"allow":["GET"]}}],"collection":[{"href":"https:\/\/jornaloalvorada.com.br\/site\/wp-json\/wp\/v2\/posts"}],"about":[{"href":"https:\/\/jornaloalvorada.com.br\/site\/wp-json\/wp\/v2\/types\/post"}],"author":[{"embeddable":true,"href":"https:\/\/jornaloalvorada.com.br\/site\/wp-json\/wp\/v2\/users\/1"}],"replies":[{"embeddable":true,"href":"https:\/\/jornaloalvorada.com.br\/site\/wp-json\/wp\/v2\/comments?post=1452"}],"version-history":[{"count":1,"href":"https:\/\/jornaloalvorada.com.br\/site\/wp-json\/wp\/v2\/posts\/1452\/revisions"}],"predecessor-version":[{"id":1454,"href":"https:\/\/jornaloalvorada.com.br\/site\/wp-json\/wp\/v2\/posts\/1452\/revisions\/1454"}],"wp:featuredmedia":[{"embeddable":true,"href":"https:\/\/jornaloalvorada.com.br\/site\/wp-json\/wp\/v2\/media\/1453"}],"wp:attachment":[{"href":"https:\/\/jornaloalvorada.com.br\/site\/wp-json\/wp\/v2\/media?parent=1452"}],"wp:term":[{"taxonomy":"category","embeddable":true,"href":"https:\/\/jornaloalvorada.com.br\/site\/wp-json\/wp\/v2\/categories?post=1452"},{"taxonomy":"post_tag","embeddable":true,"href":"https:\/\/jornaloalvorada.com.br\/site\/wp-json\/wp\/v2\/tags?post=1452"}],"curies":[{"name":"wp","href":"https:\/\/api.w.org\/{rel}","templated":true}]}}